{"id":9749,"date":"2014-05-22T17:20:48","date_gmt":"2014-05-22T16:20:48","guid":{"rendered":"http:\/\/cerdanyolach.cat\/hockey\/?p=9749"},"modified":"2014-05-22T17:20:48","modified_gmt":"2014-05-22T16:20:48","slug":"campionat-despanya-fem-16","status":"publish","type":"post","link":"https:\/\/cerdanyolach.cat\/hockey\/campionat-despanya-fem-16\/","title":{"rendered":"CAMPIONAT D&#8217;ESPANYA FEM-16."},"content":{"rendered":"<h1><a href=\"https:\/\/cerdanyolach.cat\/hockey\/wp-content\/uploads\/2014\/05\/IMG-20140519-WA0006.jpg\" rel=\"lightbox[9749]\"><img fetchpriority=\"high\" decoding=\"async\" class=\"alignnone size-medium wp-image-9750\" src=\"https:\/\/cerdanyolach.cat\/hockey\/wp-content\/uploads\/2014\/05\/IMG-20140519-WA0006-450x253.jpg\" alt=\"IMG-20140519-WA0006\" width=\"450\" height=\"253\" srcset=\"https:\/\/cerdanyolach.cat\/hockey\/wp-content\/uploads\/2014\/05\/IMG-20140519-WA0006-450x253.jpg 450w, https:\/\/cerdanyolach.cat\/hockey\/wp-content\/uploads\/2014\/05\/IMG-20140519-WA0006-150x84.jpg 150w, https:\/\/cerdanyolach.cat\/hockey\/wp-content\/uploads\/2014\/05\/IMG-20140519-WA0006-300x169.jpg 300w, https:\/\/cerdanyolach.cat\/hockey\/wp-content\/uploads\/2014\/05\/IMG-20140519-WA0006.jpg 800w\" sizes=\"(max-width: 450px) 100vw, 450px\" \/><\/a><\/h1>\n<h1>FEM-16 Sots-Campiones d&#8217;Espanya.<\/h1>\n<p>El Matar\u00f3 es prenia la revenja del partit de la Final de Catalunya i s&#8217;al\u00e7ava amb el Campionat d&#8217;Espanya, convertint-se en la b\u00e8stia negra del campionat del Cerdanyola.<\/p>\n<p>Les joves verd i blanques van compartir grup amb el Matar\u00f3, que tamb\u00e9 les aconseguiria guanyar per 6 a 3 a la fase de grups. Aix\u00f2 va provocar que passessin com a segones de grup, creuant-se amb un temut Bell\u2022lloc Vilasana a les semifinals.<\/p>\n<p>Les noies aconseguirien el passi a la final superant a les lleidatanes, per un ajustat 2 a 3, amb pol\u00e8mica arbitral inclosa.<\/p>\n<p>La final va ser de m\u00e0xima igualtat, per\u00f2 les mataronines van estar m\u00e9s encertades i van aconseguir fer-se amb el campionat per 2 gols a 0.<\/p>\n<p>Les nostres noies, a punt van estar de tocar el sostre de la categoria, per\u00f2 est\u00e0 clar que arribar al segon lloc, lluitar com han lluitat, \u00e9s un gran m\u00e8rit que no pot dir-ho tothom!<\/p>\n<p>ESTEM MOLT ORGULLOSOS D&#8217;AQUEST FEM-16 QUE HA FET HIST\u00d2RIA I QUE T\u00c9 MOLTA HIST\u00d2RIA PER FER.<\/p>\n<p>GR\u00c0CIES NOIES PER PORTAR ELS NOSTRES COLORS TAN AMUNT I AMB TANT D&#8217;ORGULL.<\/p>\n<p>SOU LES MILLORS!<\/p>\n","protected":false},"excerpt":{"rendered":"<p>FEM-16 Sots-Campiones d&#8217;Espanya. El Matar\u00f3 es prenia la revenja del partit de la Final de Catalunya i s&#8217;al\u00e7ava amb el [&hellip;]<\/p>\n","protected":false},"author":11,"featured_media":0,"comment_status":"open","ping_status":"closed","sticky":false,"template":"","format":"standard","meta":{"spay_email":"","footnotes":""},"categories":[4],"tags":[],"class_list":["post-9749","post","type-post","status-publish","format-standard","hentry","category-hoquei-base"],"jetpack_featured_media_url":"","_links":{"self":[{"href":"https:\/\/cerdanyolach.cat\/hockey\/wp-json\/wp\/v2\/posts\/9749","targetHints":{"allow":["GET"]}}],"collection":[{"href":"https:\/\/cerdanyolach.cat\/hockey\/wp-json\/wp\/v2\/posts"}],"about":[{"href":"https:\/\/cerdanyolach.cat\/hockey\/wp-json\/wp\/v2\/types\/post"}],"author":[{"embeddable":true,"href":"https:\/\/cerdanyolach.cat\/hockey\/wp-json\/wp\/v2\/users\/11"}],"replies":[{"embeddable":true,"href":"https:\/\/cerdanyolach.cat\/hockey\/wp-json\/wp\/v2\/comments?post=9749"}],"version-history":[{"count":1,"href":"https:\/\/cerdanyolach.cat\/hockey\/wp-json\/wp\/v2\/posts\/9749\/revisions"}],"predecessor-version":[{"id":9751,"href":"https:\/\/cerdanyolach.cat\/hockey\/wp-json\/wp\/v2\/posts\/9749\/revisions\/9751"}],"wp:attachment":[{"href":"https:\/\/cerdanyolach.cat\/hockey\/wp-json\/wp\/v2\/media?parent=9749"}],"wp:term":[{"taxonomy":"category","embeddable":true,"href":"https:\/\/cerdanyolach.cat\/hockey\/wp-json\/wp\/v2\/categories?post=9749"},{"taxonomy":"post_tag","embeddable":true,"href":"https:\/\/cerdanyolach.cat\/hockey\/wp-json\/wp\/v2\/tags?post=9749"}],"curies":[{"name":"wp","href":"https:\/\/api.w.org\/{rel}","templated":true}]}}