{"id":9638,"date":"2014-05-05T10:21:54","date_gmt":"2014-05-05T09:21:54","guid":{"rendered":"http:\/\/cerdanyolach.cat\/hockey\/?p=9638"},"modified":"2014-05-05T10:21:54","modified_gmt":"2014-05-05T09:21:54","slug":"campionats-de-catalunya-fem-16-i-alevi","status":"publish","type":"post","link":"https:\/\/cerdanyolach.cat\/hockey\/campionats-de-catalunya-fem-16-i-alevi\/","title":{"rendered":"Campionats de Catalunya FEM-16 i Alev\u00ed"},"content":{"rendered":"<h1>Cap de setmana d\u2019emocions fortes!<\/h1>\n<p><a href=\"https:\/\/cerdanyolach.cat\/hockey\/wp-content\/uploads\/2014\/05\/fem-16.jpg\" rel=\"lightbox[9638]\"><img fetchpriority=\"high\" decoding=\"async\" class=\"alignnone wp-image-9640 size-medium\" src=\"https:\/\/cerdanyolach.cat\/hockey\/wp-content\/uploads\/2014\/05\/fem-16-450x299.jpg\" alt=\"fem-16\" width=\"450\" height=\"299\" srcset=\"https:\/\/cerdanyolach.cat\/hockey\/wp-content\/uploads\/2014\/05\/fem-16-450x299.jpg 450w, https:\/\/cerdanyolach.cat\/hockey\/wp-content\/uploads\/2014\/05\/fem-16-150x100.jpg 150w, https:\/\/cerdanyolach.cat\/hockey\/wp-content\/uploads\/2014\/05\/fem-16-300x200.jpg 300w, https:\/\/cerdanyolach.cat\/hockey\/wp-content\/uploads\/2014\/05\/fem-16-800x533.jpg 800w, https:\/\/cerdanyolach.cat\/hockey\/wp-content\/uploads\/2014\/05\/fem-16.jpg 2048w\" sizes=\"(max-width: 450px) 100vw, 450px\" \/><\/a><\/p>\n<p>El gran treball que s\u2019est\u00e0 portant a terme amb la base ja recull els seu fruits. Aquest cap de setmana hem pogut gaudir intensament d\u2019un Campionat de Catalunya FEM-16 a Reus i un altre d\u2019Alev\u00ed a Sentmenat.<br \/>\nLes noies FEM-16, s\u2019han proclamat brillantment campiones de Catalunya, a Reus, quedant primeres a la fase de grups amb equips de la talla del Bell-lloc Vilasana, Palau de Plegamans B i CE Noia. A les semifinals van superar a les complicades amfitriones del Reus Deportiu i la final van v\u00e8ncer contra tot un Matar\u00f3 que mai va donar el bra\u00e7 a t\u00f2rcer.<\/p>\n<p><span style=\"text-decoration: underline;\">Resultats Fase Grups (GRUP B):<\/span><\/p>\n<p>Cerdanyola CH &#8211; Bell-lloc Vilasana <strong>1-0<\/strong><br \/>\nHC Palau Plegamans B &#8211; Cerdanyola CH <strong>1-13<\/strong><br \/>\nCE Noia &#8211; Cerdanyola CH <strong>3-6<\/strong><\/p>\n<p><span style=\"text-decoration: underline;\">Classificaci\u00f3 (GRUP B):<\/span><\/p>\n<p>Cerdanyola CH, <strong>9 punts<\/strong><br \/>\nBell-lloc Vilasana, <strong>6 punts<\/strong><br \/>\nCE Noia, <strong>3 punts<\/strong><br \/>\nHC Palau Plegamans B, <strong>0 punts<\/strong><\/p>\n<p><span style=\"text-decoration: underline;\">Semifinals:<\/span><\/p>\n<p>Reus Deportiu- Cerdanyola CH <strong>1-3<\/strong><\/p>\n<p><span style=\"text-decoration: underline;\">Gran Final:<\/span><\/p>\n<p>CH Matar\u00f3 \u2013 Cerdanyola CH <strong>4-5<\/strong><\/p>\n<p><a href=\"https:\/\/cerdanyolach.cat\/hockey\/wp-content\/uploads\/2014\/05\/IMG-20140504-WA0002.jpg\" rel=\"lightbox[9638]\"><img decoding=\"async\" class=\"alignnone wp-image-9641 size-medium\" src=\"https:\/\/cerdanyolach.cat\/hockey\/wp-content\/uploads\/2014\/05\/IMG-20140504-WA0002-450x343.jpg\" alt=\"IMG-20140504-WA0002\" width=\"450\" height=\"343\" srcset=\"https:\/\/cerdanyolach.cat\/hockey\/wp-content\/uploads\/2014\/05\/IMG-20140504-WA0002-450x343.jpg 450w, https:\/\/cerdanyolach.cat\/hockey\/wp-content\/uploads\/2014\/05\/IMG-20140504-WA0002-150x114.jpg 150w, https:\/\/cerdanyolach.cat\/hockey\/wp-content\/uploads\/2014\/05\/IMG-20140504-WA0002-300x229.jpg 300w, https:\/\/cerdanyolach.cat\/hockey\/wp-content\/uploads\/2014\/05\/IMG-20140504-WA0002-786x600.jpg 786w, https:\/\/cerdanyolach.cat\/hockey\/wp-content\/uploads\/2014\/05\/IMG-20140504-WA0002.jpg 800w\" sizes=\"(max-width: 450px) 100vw, 450px\" \/><\/a><\/p>\n<p>A Sentmenat, a l\u2019equip Alev\u00ed li va tocar el grup de la mort a la fase de grups, del qual van sortir els dos finalistes: l\u2019Arenys de Munt i el SHUM Ma\u00e7anet, campi\u00f3 de Catalunya. L\u2019altre equip va ser el Manlleu que va quedar 5\u00e8, per\u00f2 podria haver quedat perfectament entre els tres primers.<\/p>\n<p>Finalment, en la disputa pel 7\u00e8 i 8\u00e8 lloc, el Cerdanyola aconseguiria v\u00e8ncer al Vilanova per un brillant 4 a 6, deixant clar que el grup B era el m\u00e9s fort.<\/p>\n<p><span style=\"text-decoration: underline;\">Resultats Fase Grups (GRUP B):<\/span><\/p>\n<p>CE Arenys de Munt &#8211; Cerdanyola CH <strong>11-2<\/strong><br \/>\nCerdanyola CH &#8211; CP Manlleu <strong>0-6<\/strong><br \/>\nSHUM Ma\u00e7anet &#8211; Cerdanyola CH <strong>6-4<\/strong><\/p>\n<p><span style=\"text-decoration: underline;\">Classificaci\u00f3 (GRUP B):<\/span><\/p>\n<p>CE Arenys de Munt, <strong>9 punts<\/strong><br \/>\nSHUM Ma\u00e7anet, <strong>6 punts<\/strong><br \/>\nCP Manlleu, <strong>3 punts<\/strong><br \/>\nCerdanyola CH, <strong>0 punts<\/strong><\/p>\n<p><span style=\"text-decoration: underline;\">7\u00e8 i 8\u00e8 lloc:<\/span><\/p>\n<p>CP Vilanova &#8211; Cerdanyola CH <strong>4-6<\/strong><\/p>\n<p>Realment una fita hist\u00f2rica per aquest dos equips, que volem felicitar i volem donar les gr\u00e0cies per aquest sacrifici. Tamb\u00e9 volem encoratjar i animar als equips que no han tingut tanta sort per arribar fins aqu\u00ed. Per\u00f2 han de saber que amb const\u00e0ncia, treball i sacrifici els resultats acaben arribant. Aix\u00f2 no \u00e9s un \u00e8xit de dos equips, \u00e9s un \u00e8xit de tots i totes, perqu\u00e8 aix\u00f2 ens ha de servir d\u2019exemple i per treure pit.<br \/>\nBona feina a tots i totes!<\/p>\n","protected":false},"excerpt":{"rendered":"<p>Cap de setmana d\u2019emocions fortes! El gran treball que s\u2019est\u00e0 portant a terme amb la base ja recull els seu [&hellip;]<\/p>\n","protected":false},"author":11,"featured_media":0,"comment_status":"open","ping_status":"closed","sticky":false,"template":"","format":"standard","meta":{"spay_email":"","footnotes":""},"categories":[4],"tags":[],"class_list":["post-9638","post","type-post","status-publish","format-standard","hentry","category-hoquei-base"],"jetpack_featured_media_url":"","_links":{"self":[{"href":"https:\/\/cerdanyolach.cat\/hockey\/wp-json\/wp\/v2\/posts\/9638","targetHints":{"allow":["GET"]}}],"collection":[{"href":"https:\/\/cerdanyolach.cat\/hockey\/wp-json\/wp\/v2\/posts"}],"about":[{"href":"https:\/\/cerdanyolach.cat\/hockey\/wp-json\/wp\/v2\/types\/post"}],"author":[{"embeddable":true,"href":"https:\/\/cerdanyolach.cat\/hockey\/wp-json\/wp\/v2\/users\/11"}],"replies":[{"embeddable":true,"href":"https:\/\/cerdanyolach.cat\/hockey\/wp-json\/wp\/v2\/comments?post=9638"}],"version-history":[{"count":3,"href":"https:\/\/cerdanyolach.cat\/hockey\/wp-json\/wp\/v2\/posts\/9638\/revisions"}],"predecessor-version":[{"id":9643,"href":"https:\/\/cerdanyolach.cat\/hockey\/wp-json\/wp\/v2\/posts\/9638\/revisions\/9643"}],"wp:attachment":[{"href":"https:\/\/cerdanyolach.cat\/hockey\/wp-json\/wp\/v2\/media?parent=9638"}],"wp:term":[{"taxonomy":"category","embeddable":true,"href":"https:\/\/cerdanyolach.cat\/hockey\/wp-json\/wp\/v2\/categories?post=9638"},{"taxonomy":"post_tag","embeddable":true,"href":"https:\/\/cerdanyolach.cat\/hockey\/wp-json\/wp\/v2\/tags?post=9638"}],"curies":[{"name":"wp","href":"https:\/\/api.w.org\/{rel}","templated":true}]}}