{"id":9592,"date":"2014-04-15T11:01:26","date_gmt":"2014-04-15T10:01:26","guid":{"rendered":"http:\/\/cerdanyolach.cat\/hockey\/?p=9592"},"modified":"2014-04-15T11:01:26","modified_gmt":"2014-04-15T10:01:26","slug":"cerdanyola-ch-3-cp-bell%c2%b7lloc-1","status":"publish","type":"post","link":"https:\/\/cerdanyolach.cat\/hockey\/cerdanyola-ch-3-cp-bell%c2%b7lloc-1\/","title":{"rendered":"Cerdanyola CH 3 &#8211; CP Bell\u00b7lloc 1"},"content":{"rendered":"<h1><a href=\"https:\/\/cerdanyolach.cat\/hockey\/wp-content\/uploads\/2014\/04\/25-bell-lloc1.jpg\" rel=\"lightbox[9592]\"><img fetchpriority=\"high\" decoding=\"async\" class=\"alignnone  wp-image-9578\" alt=\"25-bell-lloc1\" src=\"https:\/\/cerdanyolach.cat\/hockey\/wp-content\/uploads\/2014\/04\/25-bell-lloc1.jpg\" width=\"420\" height=\"266\" srcset=\"https:\/\/cerdanyolach.cat\/hockey\/wp-content\/uploads\/2014\/04\/25-bell-lloc1.jpg 700w, https:\/\/cerdanyolach.cat\/hockey\/wp-content\/uploads\/2014\/04\/25-bell-lloc1-150x95.jpg 150w, https:\/\/cerdanyolach.cat\/hockey\/wp-content\/uploads\/2014\/04\/25-bell-lloc1-300x190.jpg 300w, https:\/\/cerdanyolach.cat\/hockey\/wp-content\/uploads\/2014\/04\/25-bell-lloc1-450x285.jpg 450w\" sizes=\"(max-width: 420px) 100vw, 420px\" \/><\/a><\/h1>\n<h1>El Cerdanyola arrasa al Bell\u2022lloc<i><br \/>\n<\/i><\/h1>\n<p><i>Convocat\u00f2ria<\/i><\/p>\n<p><b>MAHECO CERDANYOLA C.H.:<\/b> Pere A. Mart\u00ednez, Joan Aranda, Noel R\u00edo, Jaime Calvo i Pol de Egu\u00eda (cinc inicial) Marc Zan\u00f3n, Raul Catillol i Alex M. Ma\u00f1\u00e9.<\/p>\n<p><b>CP BELL\u00b7LLOC: <\/b>Gerard Folguera, Pau Arnau, Jordi Soldevila, Albert Vall\u00e8s, Xavier Vall\u00e8s (cinc inicial) Enric Arnau, Pol Francis, Iker Bosch, Adri\u00e0 Bellmunt.<\/p>\n<p>El Cerdanyola s&#8217;emportava un altre cop els 3 punts aquest cap de setmana i consolida fermament la seva tercera pla\u00e7a a Nacional Catalana.<\/p>\n<p>Amb un 3 a 1 molt contundent, els vallesans sumaven altre cop despr\u00e9s d&#8217;un molt bon partit a Can Xarau. Amb gols de Noel Rio, Joan Aranda i Marc Zanon, els locals sempre van anar per davant en el marcador. Despr\u00e9s d&#8217;un bon partit de conjunt, els homes de Gonzalez segueixen demostrant la seva qualitat i el seu domini en una lliga quasi sentenciada.<\/p>\n<p>La Flama, present com sempre, anim\u00e0 un equip que s&#8217;ha tornat a guanyat l&#8217;afici\u00f3 i es troba en un molt bon moment de forma. Cal destacar, per\u00f2, l&#8217;espectacular joc i intensitat de Noel Rio que es troba en estat de gr\u00e0cia des de l&#8217;inici de la temporada.<\/p>\n<p><a href=\"https:\/\/cerdanyolach.cat\/hockey\/wp-content\/uploads\/2014\/04\/25-bell-lloc2.jpg\" rel=\"lightbox[9592]\"><img decoding=\"async\" class=\"alignnone size-thumbnail wp-image-9579\" alt=\"25-bell-lloc2\" src=\"https:\/\/cerdanyolach.cat\/hockey\/wp-content\/uploads\/2014\/04\/25-bell-lloc2-150x100.jpg\" width=\"150\" height=\"100\" \/><\/a><a href=\"https:\/\/cerdanyolach.cat\/hockey\/wp-content\/uploads\/2014\/04\/25-bell-lloc9.jpg\" rel=\"lightbox[9592]\"><img decoding=\"async\" class=\"alignnone size-thumbnail wp-image-9577\" alt=\"25-bell-lloc9\" src=\"https:\/\/cerdanyolach.cat\/hockey\/wp-content\/uploads\/2014\/04\/25-bell-lloc9-150x100.jpg\" width=\"150\" height=\"100\" \/><\/a><a href=\"https:\/\/cerdanyolach.cat\/hockey\/wp-content\/uploads\/2014\/04\/25-bell-lloc5.jpg\" rel=\"lightbox[9592]\"><img loading=\"lazy\" decoding=\"async\" class=\"alignnone size-thumbnail wp-image-9576\" alt=\"25-bell-lloc5\" src=\"https:\/\/cerdanyolach.cat\/hockey\/wp-content\/uploads\/2014\/04\/25-bell-lloc5-150x100.jpg\" width=\"150\" height=\"100\" \/><\/a><\/p>\n","protected":false},"excerpt":{"rendered":"<p>El Cerdanyola arrasa al Bell\u2022lloc Convocat\u00f2ria MAHECO CERDANYOLA C.H.: Pere A. Mart\u00ednez, Joan Aranda, Noel R\u00edo, Jaime Calvo i Pol [&hellip;]<\/p>\n","protected":false},"author":11,"featured_media":0,"comment_status":"open","ping_status":"closed","sticky":false,"template":"","format":"standard","meta":{"spay_email":"","footnotes":""},"categories":[1],"tags":[],"class_list":["post-9592","post","type-post","status-publish","format-standard","hentry","category-primer-equip-masculi"],"jetpack_featured_media_url":"","_links":{"self":[{"href":"https:\/\/cerdanyolach.cat\/hockey\/wp-json\/wp\/v2\/posts\/9592","targetHints":{"allow":["GET"]}}],"collection":[{"href":"https:\/\/cerdanyolach.cat\/hockey\/wp-json\/wp\/v2\/posts"}],"about":[{"href":"https:\/\/cerdanyolach.cat\/hockey\/wp-json\/wp\/v2\/types\/post"}],"author":[{"embeddable":true,"href":"https:\/\/cerdanyolach.cat\/hockey\/wp-json\/wp\/v2\/users\/11"}],"replies":[{"embeddable":true,"href":"https:\/\/cerdanyolach.cat\/hockey\/wp-json\/wp\/v2\/comments?post=9592"}],"version-history":[{"count":1,"href":"https:\/\/cerdanyolach.cat\/hockey\/wp-json\/wp\/v2\/posts\/9592\/revisions"}],"predecessor-version":[{"id":9593,"href":"https:\/\/cerdanyolach.cat\/hockey\/wp-json\/wp\/v2\/posts\/9592\/revisions\/9593"}],"wp:attachment":[{"href":"https:\/\/cerdanyolach.cat\/hockey\/wp-json\/wp\/v2\/media?parent=9592"}],"wp:term":[{"taxonomy":"category","embeddable":true,"href":"https:\/\/cerdanyolach.cat\/hockey\/wp-json\/wp\/v2\/categories?post=9592"},{"taxonomy":"post_tag","embeddable":true,"href":"https:\/\/cerdanyolach.cat\/hockey\/wp-json\/wp\/v2\/tags?post=9592"}],"curies":[{"name":"wp","href":"https:\/\/api.w.org\/{rel}","templated":true}]}}