{"id":9565,"date":"2014-04-08T12:23:05","date_gmt":"2014-04-08T11:23:05","guid":{"rendered":"http:\/\/cerdanyolach.cat\/hockey\/?p=9565"},"modified":"2014-04-08T12:23:05","modified_gmt":"2014-04-08T11:23:05","slug":"c-h-mataro-3-mahecho-cerdanyola-c-h-4","status":"publish","type":"post","link":"https:\/\/cerdanyolach.cat\/hockey\/c-h-mataro-3-mahecho-cerdanyola-c-h-4\/","title":{"rendered":"C.H. MATARO 3  MAHECHO CERDANYOLA C.H. 4"},"content":{"rendered":"<p><a href=\"https:\/\/cerdanyolach.cat\/hockey\/wp-content\/uploads\/2014\/04\/24-mataro1.jpg\" rel=\"lightbox[9565]\"><img fetchpriority=\"high\" decoding=\"async\" class=\"alignleft size-medium wp-image-9554\" alt=\"24-mataro1\" src=\"https:\/\/cerdanyolach.cat\/hockey\/wp-content\/uploads\/2014\/04\/24-mataro1-396x450.jpg\" width=\"396\" height=\"450\" srcset=\"https:\/\/cerdanyolach.cat\/hockey\/wp-content\/uploads\/2014\/04\/24-mataro1-396x450.jpg 396w, https:\/\/cerdanyolach.cat\/hockey\/wp-content\/uploads\/2014\/04\/24-mataro1-150x170.jpg 150w, https:\/\/cerdanyolach.cat\/hockey\/wp-content\/uploads\/2014\/04\/24-mataro1-300x341.jpg 300w, https:\/\/cerdanyolach.cat\/hockey\/wp-content\/uploads\/2014\/04\/24-mataro1.jpg 528w\" sizes=\"(max-width: 396px) 100vw, 396px\" \/><\/a><\/p>\n<p><b><span style=\"text-decoration: underline;\">Tercers amb escreix<\/span><\/b><\/p>\n<p><i>Convocat\u00f2ria<\/i><\/p>\n<p><b>C.H. MATARO:<\/b> Marc Comas, Jaume Nualart, Oriol Llad\u00f3, Marc Gass\u00f3 i Alex Soldevila (cinc inicial)\u00a0 Albert Marquez, Pau Casanovas, Pol Soler i Sergi Gran\u00e9.<\/p>\n<p><b>MAHECO CERDANYOLA C.H.:<\/b> Alex M. Ma\u00f1\u00e9, Joan Aranda, Marc Zan\u00f3n, Jaime Calvo i Pol de Egu\u00eda (cinc inicial) Noel R\u00edo, Raul Catillol i Pere A. Mart\u00ednez.<\/p>\n<p>El Cerdanyola Club d\u2019Hoquei es consolidava aquest cap de setmana com a tercer classificat a 4 punts del GEiEG, que ocupa la quarta posici\u00f3, i a nom\u00e9s 6 punts del Taradell, que ocupa la segona pla\u00e7a. Un cap de setmana rod\u00f3 del que els rivals directes no n\u2019extreien bons resultats i l\u2019equip de Can Xarau complia per la m\u00ednima a Matar\u00f3 per poder sumar 3 punts essencials.<\/p>\n<p>En un partit complicat (malgrat a priori el Cerdanyola es presentava com a clar favorit, un Matar\u00f3 en hores baixes plantava cara a un dels tres grans de la competici\u00f3. <b>Jaime Calvo<\/b> avan\u00e7ava els visitants nom\u00e9s iniciar-se el partit, per\u00f2 els del Maresme reaccionarien de forma contundent marcant 3 gols consecutius (minuts 2, 19 i 21) i imposant un resultat molt desfavorable per als del Vall\u00e8s en el llumin\u00f3s. Malgrat tot, a pocs minuts per arribar al descans, <b>Pol de Egu\u00eda<\/b> marcava el segon i retallava dist\u00e0ncies per arribar a la segona part amb un marcador molt ajustat.<\/p>\n<p>La segona meitat, per\u00f2, determin\u00e0 un partit en que el Cerdanyola no va acabar d\u2019estar-hi mai del tot a gust. <b>Noel Rio<\/b>, amb dos gols als minuts 21 i 24 sentenciava el partit i feia valer la lluita i el sacrifici del seu conjunt durant la segona part del matx.<\/p>\n<p>Amb uns resultats enormes en el que va de temporada, l\u2019afici\u00f3 del sarda est\u00e0 m\u00e9s que satisfeta amb un conjunt que ha volgut menjar-se la competici\u00f3 i ho ha aconseguit. Amb 49 punts i a falta de 6 partits per disputar-se, els de Can Xarau seguiran lluitant fins al final per aconseguir el millor resultat possible.<\/p>\n<p><b>MARC SOLANES<\/b><\/p>\n<p><a href=\"https:\/\/cerdanyolach.cat\/hockey\/wp-content\/uploads\/2014\/04\/24-mataro4.jpg\" rel=\"lightbox[9565]\"><img decoding=\"async\" class=\"alignleft size-thumbnail wp-image-9556\" alt=\"24-mataro4\" src=\"https:\/\/cerdanyolach.cat\/hockey\/wp-content\/uploads\/2014\/04\/24-mataro4-150x100.jpg\" width=\"150\" height=\"100\" \/><\/a><a href=\"https:\/\/cerdanyolach.cat\/hockey\/wp-content\/uploads\/2014\/04\/24-mataro2.jpg\" rel=\"lightbox[9565]\"><img decoding=\"async\" class=\"alignleft size-thumbnail wp-image-9555\" alt=\"24-mataro2\" src=\"https:\/\/cerdanyolach.cat\/hockey\/wp-content\/uploads\/2014\/04\/24-mataro2-150x100.jpg\" width=\"150\" height=\"100\" \/><\/a><a href=\"https:\/\/cerdanyolach.cat\/hockey\/wp-content\/uploads\/2014\/04\/24-mataro5.jpg\" rel=\"lightbox[9565]\"><img loading=\"lazy\" decoding=\"async\" class=\"alignleft size-thumbnail wp-image-9553\" alt=\"24-mataro5\" src=\"https:\/\/cerdanyolach.cat\/hockey\/wp-content\/uploads\/2014\/04\/24-mataro5-150x100.jpg\" width=\"150\" height=\"100\" \/><br \/>\n<\/a><\/p>\n","protected":false},"excerpt":{"rendered":"<p>Tercers amb escreix Convocat\u00f2ria C.H. MATARO: Marc Comas, Jaume Nualart, Oriol Llad\u00f3, Marc Gass\u00f3 i Alex Soldevila (cinc inicial)\u00a0 Albert [&hellip;]<\/p>\n","protected":false},"author":1,"featured_media":0,"comment_status":"closed","ping_status":"closed","sticky":false,"template":"","format":"standard","meta":{"spay_email":"","footnotes":""},"categories":[1],"tags":[],"class_list":["post-9565","post","type-post","status-publish","format-standard","hentry","category-primer-equip-masculi"],"jetpack_featured_media_url":"","_links":{"self":[{"href":"https:\/\/cerdanyolach.cat\/hockey\/wp-json\/wp\/v2\/posts\/9565","targetHints":{"allow":["GET"]}}],"collection":[{"href":"https:\/\/cerdanyolach.cat\/hockey\/wp-json\/wp\/v2\/posts"}],"about":[{"href":"https:\/\/cerdanyolach.cat\/hockey\/wp-json\/wp\/v2\/types\/post"}],"author":[{"embeddable":true,"href":"https:\/\/cerdanyolach.cat\/hockey\/wp-json\/wp\/v2\/users\/1"}],"replies":[{"embeddable":true,"href":"https:\/\/cerdanyolach.cat\/hockey\/wp-json\/wp\/v2\/comments?post=9565"}],"version-history":[{"count":2,"href":"https:\/\/cerdanyolach.cat\/hockey\/wp-json\/wp\/v2\/posts\/9565\/revisions"}],"predecessor-version":[{"id":9567,"href":"https:\/\/cerdanyolach.cat\/hockey\/wp-json\/wp\/v2\/posts\/9565\/revisions\/9567"}],"wp:attachment":[{"href":"https:\/\/cerdanyolach.cat\/hockey\/wp-json\/wp\/v2\/media?parent=9565"}],"wp:term":[{"taxonomy":"category","embeddable":true,"href":"https:\/\/cerdanyolach.cat\/hockey\/wp-json\/wp\/v2\/categories?post=9565"},{"taxonomy":"post_tag","embeddable":true,"href":"https:\/\/cerdanyolach.cat\/hockey\/wp-json\/wp\/v2\/tags?post=9565"}],"curies":[{"name":"wp","href":"https:\/\/api.w.org\/{rel}","templated":true}]}}