{"id":9520,"date":"2014-03-31T08:59:02","date_gmt":"2014-03-31T07:59:02","guid":{"rendered":"http:\/\/cerdanyolach.cat\/hockey\/?p=9520"},"modified":"2014-03-31T11:51:17","modified_gmt":"2014-03-31T10:51:17","slug":"alevi-a-als-campionats-de-catalunya","status":"publish","type":"post","link":"https:\/\/cerdanyolach.cat\/hockey\/alevi-a-als-campionats-de-catalunya\/","title":{"rendered":"Benjam\u00ed A, Alev\u00ed A i FEM-16 A als campionats de Catalunya!"},"content":{"rendered":"<p>Des del Cerdanyola CH volem felicitar als equips Benjam\u00ed A, Alev\u00ed A i FEM-16, entrenats per Marc Miranda, Noel Rio i Bruno Afonso, respectivament, per la seva brillant classificaci\u00f3 als Campionats de Catalunya.<\/p>\n<p><a href=\"https:\/\/cerdanyolach.cat\/hockey\/wp-content\/uploads\/2014\/03\/BENJAMI-A.jpg\" rel=\"lightbox[9520]\"><img fetchpriority=\"high\" decoding=\"async\" class=\"alignnone  wp-image-9525\" alt=\"BENJAMI A\" src=\"https:\/\/cerdanyolach.cat\/hockey\/wp-content\/uploads\/2014\/03\/BENJAMI-A.jpg\" width=\"420\" height=\"420\" srcset=\"https:\/\/cerdanyolach.cat\/hockey\/wp-content\/uploads\/2014\/03\/BENJAMI-A.jpg 700w, https:\/\/cerdanyolach.cat\/hockey\/wp-content\/uploads\/2014\/03\/BENJAMI-A-150x150.jpg 150w, https:\/\/cerdanyolach.cat\/hockey\/wp-content\/uploads\/2014\/03\/BENJAMI-A-100x100.jpg 100w, https:\/\/cerdanyolach.cat\/hockey\/wp-content\/uploads\/2014\/03\/BENJAMI-A-300x300.jpg 300w, https:\/\/cerdanyolach.cat\/hockey\/wp-content\/uploads\/2014\/03\/BENJAMI-A-450x450.jpg 450w, https:\/\/cerdanyolach.cat\/hockey\/wp-content\/uploads\/2014\/03\/BENJAMI-A-600x600.jpg 600w\" sizes=\"(max-width: 420px) 100vw, 420px\" \/><\/a><a href=\"https:\/\/cerdanyolach.cat\/hockey\/wp-content\/uploads\/2014\/03\/ALEV\u00cd-A.jpg\" rel=\"lightbox[9520]\"><img decoding=\"async\" class=\"alignnone  wp-image-9521\" alt=\"ALEV\u00cd A\" src=\"https:\/\/cerdanyolach.cat\/hockey\/wp-content\/uploads\/2014\/03\/ALEV\u00cd-A.jpg\" width=\"420\" height=\"420\" srcset=\"https:\/\/cerdanyolach.cat\/hockey\/wp-content\/uploads\/2014\/03\/ALEV\u00cd-A.jpg 700w, https:\/\/cerdanyolach.cat\/hockey\/wp-content\/uploads\/2014\/03\/ALEV\u00cd-A-150x150.jpg 150w, https:\/\/cerdanyolach.cat\/hockey\/wp-content\/uploads\/2014\/03\/ALEV\u00cd-A-100x100.jpg 100w, https:\/\/cerdanyolach.cat\/hockey\/wp-content\/uploads\/2014\/03\/ALEV\u00cd-A-300x300.jpg 300w, https:\/\/cerdanyolach.cat\/hockey\/wp-content\/uploads\/2014\/03\/ALEV\u00cd-A-450x450.jpg 450w, https:\/\/cerdanyolach.cat\/hockey\/wp-content\/uploads\/2014\/03\/ALEV\u00cd-A-600x600.jpg 600w\" sizes=\"(max-width: 420px) 100vw, 420px\" \/><\/a><a href=\"https:\/\/cerdanyolach.cat\/hockey\/wp-content\/uploads\/2014\/03\/FEM-16-A.jpg\" rel=\"lightbox[9520]\"><img decoding=\"async\" class=\"alignnone  wp-image-9524\" alt=\"FEM 16 A\" src=\"https:\/\/cerdanyolach.cat\/hockey\/wp-content\/uploads\/2014\/03\/FEM-16-A.jpg\" width=\"420\" height=\"420\" srcset=\"https:\/\/cerdanyolach.cat\/hockey\/wp-content\/uploads\/2014\/03\/FEM-16-A.jpg 700w, https:\/\/cerdanyolach.cat\/hockey\/wp-content\/uploads\/2014\/03\/FEM-16-A-150x150.jpg 150w, https:\/\/cerdanyolach.cat\/hockey\/wp-content\/uploads\/2014\/03\/FEM-16-A-100x100.jpg 100w, https:\/\/cerdanyolach.cat\/hockey\/wp-content\/uploads\/2014\/03\/FEM-16-A-300x300.jpg 300w, https:\/\/cerdanyolach.cat\/hockey\/wp-content\/uploads\/2014\/03\/FEM-16-A-450x450.jpg 450w, https:\/\/cerdanyolach.cat\/hockey\/wp-content\/uploads\/2014\/03\/FEM-16-A-600x600.jpg 600w\" sizes=\"(max-width: 420px) 100vw, 420px\" \/><\/a><br \/>\nENHORABONA NOIS I NOIES I GR\u00c0CIES PEL GRAN TREBALL QUE ESTEU FENT!<\/p>\n","protected":false},"excerpt":{"rendered":"<p>Des del Cerdanyola CH volem felicitar als equips Benjam\u00ed A, Alev\u00ed A i FEM-16, entrenats per Marc Miranda, Noel Rio [&hellip;]<\/p>\n","protected":false},"author":11,"featured_media":0,"comment_status":"open","ping_status":"closed","sticky":false,"template":"","format":"standard","meta":{"spay_email":"","footnotes":""},"categories":[4],"tags":[],"class_list":["post-9520","post","type-post","status-publish","format-standard","hentry","category-hoquei-base"],"jetpack_featured_media_url":"","_links":{"self":[{"href":"https:\/\/cerdanyolach.cat\/hockey\/wp-json\/wp\/v2\/posts\/9520","targetHints":{"allow":["GET"]}}],"collection":[{"href":"https:\/\/cerdanyolach.cat\/hockey\/wp-json\/wp\/v2\/posts"}],"about":[{"href":"https:\/\/cerdanyolach.cat\/hockey\/wp-json\/wp\/v2\/types\/post"}],"author":[{"embeddable":true,"href":"https:\/\/cerdanyolach.cat\/hockey\/wp-json\/wp\/v2\/users\/11"}],"replies":[{"embeddable":true,"href":"https:\/\/cerdanyolach.cat\/hockey\/wp-json\/wp\/v2\/comments?post=9520"}],"version-history":[{"count":5,"href":"https:\/\/cerdanyolach.cat\/hockey\/wp-json\/wp\/v2\/posts\/9520\/revisions"}],"predecessor-version":[{"id":9528,"href":"https:\/\/cerdanyolach.cat\/hockey\/wp-json\/wp\/v2\/posts\/9520\/revisions\/9528"}],"wp:attachment":[{"href":"https:\/\/cerdanyolach.cat\/hockey\/wp-json\/wp\/v2\/media?parent=9520"}],"wp:term":[{"taxonomy":"category","embeddable":true,"href":"https:\/\/cerdanyolach.cat\/hockey\/wp-json\/wp\/v2\/categories?post=9520"},{"taxonomy":"post_tag","embeddable":true,"href":"https:\/\/cerdanyolach.cat\/hockey\/wp-json\/wp\/v2\/tags?post=9520"}],"curies":[{"name":"wp","href":"https:\/\/api.w.org\/{rel}","templated":true}]}}