{"id":9515,"date":"2014-03-30T13:00:42","date_gmt":"2014-03-30T12:00:42","guid":{"rendered":"http:\/\/cerdanyolach.cat\/hockey\/?p=9515"},"modified":"2014-03-30T13:00:42","modified_gmt":"2014-03-30T12:00:42","slug":"maheco-cerdanyola-c-h-3-c-p-tona-1","status":"publish","type":"post","link":"https:\/\/cerdanyolach.cat\/hockey\/maheco-cerdanyola-c-h-3-c-p-tona-1\/","title":{"rendered":"MAHECO CERDANYOLA C.H.  3   C.P. TONA  1"},"content":{"rendered":"<p><a href=\"https:\/\/cerdanyolach.cat\/hockey\/wp-content\/uploads\/2014\/03\/23-tona1.jpg\" rel=\"lightbox[9515]\"><img fetchpriority=\"high\" decoding=\"async\" class=\"alignleft size-medium wp-image-9494\" alt=\"23-tona1\" src=\"https:\/\/cerdanyolach.cat\/hockey\/wp-content\/uploads\/2014\/03\/23-tona1-450x341.jpg\" width=\"450\" height=\"341\" srcset=\"https:\/\/cerdanyolach.cat\/hockey\/wp-content\/uploads\/2014\/03\/23-tona1-450x341.jpg 450w, https:\/\/cerdanyolach.cat\/hockey\/wp-content\/uploads\/2014\/03\/23-tona1-150x114.jpg 150w, https:\/\/cerdanyolach.cat\/hockey\/wp-content\/uploads\/2014\/03\/23-tona1-300x228.jpg 300w, https:\/\/cerdanyolach.cat\/hockey\/wp-content\/uploads\/2014\/03\/23-tona1.jpg 700w\" sizes=\"(max-width: 450px) 100vw, 450px\" \/><\/a><a href=\"https:\/\/cerdanyolach.cat\/hockey\/wp-content\/uploads\/2014\/03\/23-tona10.jpg\" rel=\"lightbox[9515]\"><br \/>\n<\/a><\/p>\n<p><b>Llan\u00e7ats cap amunt!<\/b><\/p>\n<p><i>\u00a0<\/i><i>Convocat\u00f2ria<\/i><\/p>\n<p><span style=\"text-decoration: underline;\">MAHECO CERDANYOLA C.H.:<\/span> Pere A. Mart\u00ednez, Joan Aranda, Noel R\u00edo, Pol de Egu\u00eda i Raul Castillo, cinco inicial, Marc Zan\u00f3n, Jaime Calvo, Pau Nebreda i Alex M. Ma\u00f1\u00e9.<\/p>\n<p><span style=\"text-decoration: underline;\">H.P. TONA:<\/span> Ferran Franch, Xavier Oliva, Jeremi Rodr\u00edguez, Noel Limoso i Oriol Chandre, cinc inicial, Eloi Mas, Guillem Molist, Pau Chandre i Jaume Almato.<\/p>\n<p>EL Cerdanyola rebia, en la 23\u00aa jornada de la lliga, a un Tona en hores baixes (10\u00aa posici\u00f3). En una jornada extraordin\u00e0ria jugada en dijous, els cerdanyolencs aconseguien 3 punts vitals per seguir en la lluita per les primeres posicions. En un Can Xarau mig vuit degut al dia i l\u2019hora tardana, els locals van saber controlar molt b\u00e9 un partit que no va perillar en cap moment. Amb dos gols locals en la primer meitat obra de <b>Joan Aranda<\/b> i <b>Marc Zan\u00f3n<\/b>, i un visitant a poc d\u2019acabar el primer temps, els locals se\u2019n anaven al vestidor amb confian\u00e7a i molt bones sensacions. La segona part, encara fou m\u00e9s dominant el control local. Amb atacs que se succe\u00efen i bones jugades, <b>Marc Zan\u00f3n<\/b> acabaria tancant el marcador al minut 12. <b>Pol de Egu\u00eda<\/b> fallava una falta directa que tocava el travesser i <b>Pere Ant\u00f3n<\/b> aturava un pol\u00e8mic penal xiulat en favor dels visitants.<\/p>\n<p>La Flama, un cop m\u00e9s, va estar animant el seu equip de forma incondicional. Un conjunt que es troba a nom\u00e9s 7 punts del Tardaell (amb un partit menys) i que ha demostrat de forma clara que es troba en una molt bona forma i seguir\u00e0 lluitant fins a final de temporada per consolidar-se en les primeres posicions.<\/p>\n<p><b>MARC SOLANES<\/b><\/p>\n<p><a href=\"https:\/\/cerdanyolach.cat\/hockey\/wp-content\/uploads\/2014\/03\/23-tona8.jpg\" rel=\"lightbox[9515]\"><img decoding=\"async\" class=\"alignleft size-thumbnail wp-image-9497\" alt=\"23-tona8\" src=\"https:\/\/cerdanyolach.cat\/hockey\/wp-content\/uploads\/2014\/03\/23-tona8-150x100.jpg\" width=\"150\" height=\"100\" \/><\/a><a href=\"https:\/\/cerdanyolach.cat\/hockey\/wp-content\/uploads\/2014\/03\/23-tona10.jpg\" rel=\"lightbox[9515]\"><img decoding=\"async\" class=\"alignleft size-thumbnail wp-image-9493\" alt=\"23-tona10\" src=\"https:\/\/cerdanyolach.cat\/hockey\/wp-content\/uploads\/2014\/03\/23-tona10-150x100.jpg\" width=\"150\" height=\"100\" \/><\/a><a href=\"https:\/\/cerdanyolach.cat\/hockey\/wp-content\/uploads\/2014\/03\/23-tona2.jpg\" rel=\"lightbox[9515]\"><img loading=\"lazy\" decoding=\"async\" class=\"alignleft size-thumbnail wp-image-9495\" alt=\"23-tona2\" src=\"https:\/\/cerdanyolach.cat\/hockey\/wp-content\/uploads\/2014\/03\/23-tona2-150x100.jpg\" width=\"150\" height=\"100\" \/><\/a><a href=\"https:\/\/cerdanyolach.cat\/hockey\/wp-content\/uploads\/2014\/03\/23-tona8.jpg\" rel=\"lightbox[9515]\"><br \/>\n<\/a><\/p>\n<p><a href=\"https:\/\/cerdanyolach.cat\/hockey\/wp-content\/uploads\/2014\/03\/23-tona2.jpg\" rel=\"lightbox[9515]\">\u00a0<\/a><\/p>\n<p><a href=\"https:\/\/cerdanyolach.cat\/hockey\/wp-content\/uploads\/2014\/03\/23-tona1.jpg\" rel=\"lightbox[9515]\">\u00a0<\/a><\/p>\n","protected":false},"excerpt":{"rendered":"<p>Llan\u00e7ats cap amunt! \u00a0Convocat\u00f2ria MAHECO CERDANYOLA C.H.: Pere A. Mart\u00ednez, Joan Aranda, Noel R\u00edo, Pol de Egu\u00eda i Raul Castillo, [&hellip;]<\/p>\n","protected":false},"author":1,"featured_media":0,"comment_status":"closed","ping_status":"closed","sticky":false,"template":"","format":"standard","meta":{"spay_email":"","footnotes":""},"categories":[1],"tags":[],"class_list":["post-9515","post","type-post","status-publish","format-standard","hentry","category-primer-equip-masculi"],"jetpack_featured_media_url":"","_links":{"self":[{"href":"https:\/\/cerdanyolach.cat\/hockey\/wp-json\/wp\/v2\/posts\/9515","targetHints":{"allow":["GET"]}}],"collection":[{"href":"https:\/\/cerdanyolach.cat\/hockey\/wp-json\/wp\/v2\/posts"}],"about":[{"href":"https:\/\/cerdanyolach.cat\/hockey\/wp-json\/wp\/v2\/types\/post"}],"author":[{"embeddable":true,"href":"https:\/\/cerdanyolach.cat\/hockey\/wp-json\/wp\/v2\/users\/1"}],"replies":[{"embeddable":true,"href":"https:\/\/cerdanyolach.cat\/hockey\/wp-json\/wp\/v2\/comments?post=9515"}],"version-history":[{"count":2,"href":"https:\/\/cerdanyolach.cat\/hockey\/wp-json\/wp\/v2\/posts\/9515\/revisions"}],"predecessor-version":[{"id":9517,"href":"https:\/\/cerdanyolach.cat\/hockey\/wp-json\/wp\/v2\/posts\/9515\/revisions\/9517"}],"wp:attachment":[{"href":"https:\/\/cerdanyolach.cat\/hockey\/wp-json\/wp\/v2\/media?parent=9515"}],"wp:term":[{"taxonomy":"category","embeddable":true,"href":"https:\/\/cerdanyolach.cat\/hockey\/wp-json\/wp\/v2\/categories?post=9515"},{"taxonomy":"post_tag","embeddable":true,"href":"https:\/\/cerdanyolach.cat\/hockey\/wp-json\/wp\/v2\/tags?post=9515"}],"curies":[{"name":"wp","href":"https:\/\/api.w.org\/{rel}","templated":true}]}}