{"id":9470,"date":"2014-03-27T11:20:59","date_gmt":"2014-03-27T10:20:59","guid":{"rendered":"http:\/\/cerdanyolach.cat\/hockey\/?p=9470"},"modified":"2014-03-27T11:21:44","modified_gmt":"2014-03-27T10:21:44","slug":"1-torneo-internazionale-azzurra-hockey-novara","status":"publish","type":"post","link":"https:\/\/cerdanyolach.cat\/hockey\/1-torneo-internazionale-azzurra-hockey-novara\/","title":{"rendered":"1\u00b0 TORNEO INTERNAZIONALE AZZURRA HOCKEY NOVARA"},"content":{"rendered":"<p><a href=\"http:\/\/iframewidth=420height=315src=\/\/www.youtube.com\/embed\/6Md_-6-C8HYframeborder=0allowfullscreen\/iframe\u201c1924-2014novant\u2019annidiHockeyaNovara\u201d\"><iframe src=\"\/\/www.youtube.com\/embed\/6Md_-6-C8HY\" height=\"315\" width=\"420\" allowfullscreen=\"\" frameborder=\"0\"><\/iframe><\/a><\/p>\n<h1><a href=\"http:\/\/iframewidth=420height=315src=\/\/www.youtube.com\/embed\/6Md_-6-C8HYframeborder=0allowfullscreen\/iframe\u201c1924-2014novant\u2019annidiHockeyaNovara\u201d\"> \u201c1924-2014 novant\u2019 anni di Hockey a Novara\u201d<\/a><\/h1>\n<p>El proper cap de setmana del 17 i 18 de maig, el primer equip del Cerdanyola CH ha estat convidat a It\u00e0lia, per disputar el Torneig Internacional del 90\u00e8 Aniversari d\u2019hoquei a Novara.<\/p>\n<p>29 anys despr\u00e9s d\u2019aquella final hist\u00f2rica de la Copa de la CERS, el Cerdanyola Club Hoquei, tornar\u00e0 a Novara, aquest cop per a un Torneig Amist\u00f3s per commemorar els 90 anys d\u2019hoquei patins a la localitat de la Llombardia.<\/p>\n<p>Precisament, \u00e9s dona la circumst\u00e0ncia que el primer equip mascul\u00ed del Cerdanyola Club Hoquei, ja no ha sortit m\u00e9s a Europa des d\u2019aquella final. Per tant, \u00e9s pot considerar com un fet hist\u00f2ric pel club. Si que, a la temporada 2010-2011, l\u2019equip femen\u00ed va sortir a jugar per Europa. Ho va fer en dues ocasions, el Torneig Internacional del Noisy Le Grand a Fran\u00e7a i a la Copa d\u2019Europa on es van trobar un altre cop amb l\u2019equip franc\u00e8s i el Biesca Gij\u00f3n.<\/p>\n<p>Cal dir que aquest agermanament entre el Cerdanyola Club Hoquei i el Novara va arribar a l\u2019any 2011, quan la Comissi\u00f3 del 75\u00e8 Aniversari va organitzar aquella reedici\u00f3 de la Copa de la CERS de l\u2019any 1985, com un dels actes centrals del 75\u00e8 Aniversari.<\/p>\n<p>El Torneig ser\u00e0 un quadrangular a tots contra tots. Entre el Cerdanyola CH hi haur\u00e0 el Seregno, el Vercelli o Madeira portugu\u00e8s i l\u2019equip anfitri\u00f3, el Novara.<\/p>\n<h4 style=\"text-align: left;\" align=\"center\">INTERESSATS EN ACOMPANYAR L\u2019EQUIP:<\/h4>\n<p>El grup incondicional de supporters de la Flama Verda, amb el suport del Cerdanyola Club Hoquei i la Plataforma Salvem Cerdanyola Club Hoquei s\u2019estan orgaitzant per acompanyar a l\u2019equip a una fita hist\u00f2rica.<\/p>\n<p>Tota la gent que li pot interessar acompanyar l&#8217;equip \u00e9s pot pre-inscriure als seg\u00fcents llocs:<\/p>\n<p>A la Seu Social: C\\ Santa Anna s\/n.<\/p>\n<p>A la Taverna la Menuda: C\\ Torrent 61.<\/p>\n<p>Teniu de data l\u00edmit el dilluns 7 d&#8217;abril del 2014.<\/p>\n<p>El dijous 10 d&#8217;abril del 2014, a les 20:00 hores, farem una reuni\u00f3 informativa, a la Seu Social del Club, amb tots els pre-inscrits, de com anir\u00e0 el viatge i confirmar la reserva.<\/p>\n<p><span style=\"font-size: xx-small;\">Preu estimat del viatge 110-140 \u20ac. Avi\u00f3 m\u00e9s allotjament.<\/span><\/p>\n","protected":false},"excerpt":{"rendered":"<p>\u201c1924-2014 novant\u2019 anni di Hockey a Novara\u201d El proper cap de setmana del 17 i 18 de maig, el primer [&hellip;]<\/p>\n","protected":false},"author":11,"featured_media":0,"comment_status":"open","ping_status":"closed","sticky":false,"template":"","format":"standard","meta":{"spay_email":"","footnotes":""},"categories":[1],"tags":[],"class_list":["post-9470","post","type-post","status-publish","format-standard","hentry","category-primer-equip-masculi"],"jetpack_featured_media_url":"","_links":{"self":[{"href":"https:\/\/cerdanyolach.cat\/hockey\/wp-json\/wp\/v2\/posts\/9470","targetHints":{"allow":["GET"]}}],"collection":[{"href":"https:\/\/cerdanyolach.cat\/hockey\/wp-json\/wp\/v2\/posts"}],"about":[{"href":"https:\/\/cerdanyolach.cat\/hockey\/wp-json\/wp\/v2\/types\/post"}],"author":[{"embeddable":true,"href":"https:\/\/cerdanyolach.cat\/hockey\/wp-json\/wp\/v2\/users\/11"}],"replies":[{"embeddable":true,"href":"https:\/\/cerdanyolach.cat\/hockey\/wp-json\/wp\/v2\/comments?post=9470"}],"version-history":[{"count":15,"href":"https:\/\/cerdanyolach.cat\/hockey\/wp-json\/wp\/v2\/posts\/9470\/revisions"}],"predecessor-version":[{"id":9487,"href":"https:\/\/cerdanyolach.cat\/hockey\/wp-json\/wp\/v2\/posts\/9470\/revisions\/9487"}],"wp:attachment":[{"href":"https:\/\/cerdanyolach.cat\/hockey\/wp-json\/wp\/v2\/media?parent=9470"}],"wp:term":[{"taxonomy":"category","embeddable":true,"href":"https:\/\/cerdanyolach.cat\/hockey\/wp-json\/wp\/v2\/categories?post=9470"},{"taxonomy":"post_tag","embeddable":true,"href":"https:\/\/cerdanyolach.cat\/hockey\/wp-json\/wp\/v2\/tags?post=9470"}],"curies":[{"name":"wp","href":"https:\/\/api.w.org\/{rel}","templated":true}]}}