{"id":7034,"date":"2011-12-03T18:38:37","date_gmt":"2011-12-03T17:38:37","guid":{"rendered":"http:\/\/cerdanyolach.cat\/hockey\/?p=7034"},"modified":"2011-12-04T12:21:16","modified_gmt":"2011-12-04T11:21:16","slug":"jr-11-cp-vic-4-maheco-cerdanyola-ch-2","status":"publish","type":"post","link":"https:\/\/cerdanyolach.cat\/hockey\/jr-11-cp-vic-4-maheco-cerdanyola-ch-2\/","title":{"rendered":"Jr. 11: CP Vic 4 &#8211; Maheco Cerdanyola CH 2"},"content":{"rendered":"<h1><span style=\"font-size: x-large\"><span style=\"font-family: Calibri\"><a href=\"https:\/\/cerdanyolach.cat\/hockey\/wp-content\/uploads\/2011\/12\/11_vic1.jpg\" rel=\"lightbox[7034]\"><img fetchpriority=\"high\" decoding=\"async\" class=\"alignnone size-full wp-image-7038\" src=\"https:\/\/cerdanyolach.cat\/hockey\/wp-content\/uploads\/2011\/12\/11_vic1.jpg\" alt=\"\" width=\"420\" height=\"157\" srcset=\"https:\/\/cerdanyolach.cat\/hockey\/wp-content\/uploads\/2011\/12\/11_vic1.jpg 700w, https:\/\/cerdanyolach.cat\/hockey\/wp-content\/uploads\/2011\/12\/11_vic1-150x56.jpg 150w, https:\/\/cerdanyolach.cat\/hockey\/wp-content\/uploads\/2011\/12\/11_vic1-300x112.jpg 300w, https:\/\/cerdanyolach.cat\/hockey\/wp-content\/uploads\/2011\/12\/11_vic1-450x167.jpg 450w\" sizes=\"(max-width: 420px) 100vw, 420px\" \/><\/a><\/span><\/span><\/h1>\n<h1><span style=\"font-size: x-large\"><span style=\"font-family: Calibri\">Cop de fuet a Vic.<\/span><\/span><\/h1>\n<p><span style=\"font-size: small\"><span style=\"font-family: Calibri\">El Cerdanyola CH va fer m\u00e8rits per endur-se alguna cosa m\u00e9s que quedar-se amb el regust d\u2019haver deixat una bona imatge. Al final, el Vic s\u2019acabaria imposant per 4 gols\u00a0 a 2, en un partit que es va decidir per l\u2019efectivitat de cara a porta.<\/span><\/span><\/p>\n<p><span style=\"font-size: small\"><span style=\"font-family: Calibri\">Equips<\/span><\/span><\/p>\n<p><span style=\"font-size: small\"><span style=\"font-family: Calibri\"><strong>Club Pat\u00ed Vic:<\/strong> 1-Adri\u00e0 Torrens, 3-Jacint Molera, 6-Marc Nuri, 8-Xavier Terns, 9-Marc Soler <em>-cinc inicial-<\/em> 10-Elagi Deitg, 2-Eudald Bover, 5-Bernat Tobias, 7-Eduard Gen\u00eds. Ent. Gerard Pujol.<\/span><\/span><\/p>\n<p><span style=\"font-size: small\"><span style=\"font-family: Calibri\"><strong>Cerdanyola Club Hoquei:<\/strong> 10-\u00c0lex Ma\u00f1\u00e9, 2-Joan Aranda, 44-Noel Rio, 6-Marc Zanon, 7-Raul Castillo <em>-cinc inicial- <\/em>1-Kevin Piqu\u00e9, 3-Oriol Piquet, 8-Xavier Mart\u00ed, 9-Joan Burl\u00f3. Ent. Climent Padr\u00f3s.<\/span><\/span><\/p>\n<p><span style=\"font-size: small\"><span style=\"font-family: Calibri\">Ambient g\u00e8lid en el majestu\u00f3s Pavell\u00f3 Ol\u00edmpic de Vic. Segurament, una de les catedrals en maj\u00fascules de l\u2019hoquei patins a nivell mundial. I aix\u00ed \u00e9s com van sortir a la pista els dos equips: freds.<\/span><\/span><\/p>\n<p><span style=\"font-size: small\"><span style=\"font-family: Calibri\">El primer equip que va comen\u00e7ar a entrar en calor van ser els locals, que van agafar les regnes en atac. Per\u00f2 les seves intencions de perforar la porteria, defensada per un gran <strong>\u00c0lex Ma\u00f1\u00e9<\/strong>, es veien esva\u00efdes per la serietat defensiva del Cerdanyola.<\/span><\/span><\/p>\n<p><span style=\"font-size: small\"><span style=\"font-family: Calibri\">Finalment, va ser el minut 11, quan <strong>Marc Nuri<\/strong> trencaria el gel amb un magn\u00edfic llan\u00e7ament de penal. Lluny de deixar gla\u00e7ats als jugadors del Cerdanyola, aquests, van respondre amb l\u2019empat 27 segons m\u00e9s tard. Un potent llan\u00e7ament lluny\u00e0 de <strong>Joan Aranda<\/strong> era lleugerament desviat per <strong>Marc Zanon<\/strong>, establint l\u2019empat a un gol.<\/span><\/span><\/p>\n<p><span style=\"font-size: small\"><span style=\"font-family: Calibri\">Ara s\u00ed, la maquin\u00e0ria del Cerdanyola entraria definitivament en calor i comen\u00e7aria a causar problemes a la porteria osonenca, fins abocar-los una gerra d\u2019aigua freda al minut 14. Una magn\u00edfica contra acabaria en una excel\u00b7lent assist\u00e8ncia de <strong>Noel Rio<\/strong> cap a <strong>Marc Zanon<\/strong> que batria a l\u2019u contra u a l\u2019<strong>Adri\u00e0 Torrens<\/strong>. Era l\u20191 a 2.<\/span><\/span><\/p>\n<p><span style=\"font-size: small\"><span style=\"font-family: Calibri\">Els verd i blancs mostraven credencials, per\u00f2 el Vic va ser m\u00e9s solvent en atac i <strong>Bernat Tobies<\/strong> empataria al minut 17, recollint una bola morta a porta buida, despr\u00e9s d\u2019una gran aturada d\u2019<strong>\u00c0lex Ma\u00f1\u00e9<\/strong>.<\/span><\/span><\/p>\n<p><span style=\"font-size: small\"><span style=\"font-family: Calibri\">Abans d\u2019arribar el descans, el partit va ser molt equilibrat sense masses ocasions de gol, ni cap domini pels dos equips.<\/span><\/span><\/p>\n<p><span style=\"font-size: small\"><span style=\"font-family: Calibri\">El segon assalt va tenir uns inicis amb m\u00e9s color verd i blanc, realitzant molt bones contres que acabarien a les guardes d\u2019<strong>Adri\u00e0 Torrens<\/strong>. Les ocasions perdudes eren bombones d\u2019oxigen per un Vic que no s\u2019acabava de trobar c\u00f2mode.<\/span><\/span><\/p>\n<p><span style=\"font-size: small\"><span style=\"font-family: Calibri\">Al minut 36, <strong>Xavier Terns<\/strong> no va desaprofitar l\u2019ocasi\u00f3 i va transformar el 3 a 2, en una r\u00e0pida jugada del Vic. Els jugadors del Cerdanyola van abaixar una mica el pist\u00f3 fruit del cansament i la fuetejada definitiva va venir al minut 46, quan <strong>Eudald Bover<\/strong> marcaria el 4 a 2 definitiu, entrant sol per la banda.<\/span><\/span><\/p>\n<p><span style=\"font-size: small\"><span style=\"font-family: Calibri\">Tot i intentar-ho, els esfor\u00e7os van ser in\u00fatils pel Cerdanyola que marxava de Vic amb bones vibracions, realitzant un partit molt complet i net, el qual acabaria amb nom\u00e9s 2 faltes per 5 del Vic.<\/span><\/span><\/p>\n<p><span style=\"font-size: small\"><span style=\"font-family: Calibri\"><a href=\"https:\/\/cerdanyolach.cat\/hockey\/wp-content\/uploads\/2011\/12\/11_vic2.jpg\" rel=\"lightbox[7034]\"><img decoding=\"async\" class=\"alignnone size-thumbnail wp-image-7039\" src=\"https:\/\/cerdanyolach.cat\/hockey\/wp-content\/uploads\/2011\/12\/11_vic2-150x100.jpg\" alt=\"\" width=\"150\" height=\"100\" \/><\/a><a href=\"https:\/\/cerdanyolach.cat\/hockey\/wp-content\/uploads\/2011\/12\/11_vic3.jpg\" rel=\"lightbox[7034]\"><img decoding=\"async\" class=\"alignnone size-thumbnail wp-image-7040\" src=\"https:\/\/cerdanyolach.cat\/hockey\/wp-content\/uploads\/2011\/12\/11_vic3-150x100.jpg\" alt=\"\" width=\"150\" height=\"100\" \/><\/a><a href=\"https:\/\/cerdanyolach.cat\/hockey\/wp-content\/uploads\/2011\/12\/11_vic4.jpg\" rel=\"lightbox[7034]\"><img loading=\"lazy\" decoding=\"async\" class=\"alignnone size-thumbnail wp-image-7041\" src=\"https:\/\/cerdanyolach.cat\/hockey\/wp-content\/uploads\/2011\/12\/11_vic4-150x100.jpg\" alt=\"\" width=\"150\" height=\"100\" \/><\/a>\u00a0<\/span><\/span><\/p>\n","protected":false},"excerpt":{"rendered":"<p>Cop de fuet a Vic. El Cerdanyola CH va fer m\u00e8rits per endur-se alguna cosa m\u00e9s que quedar-se amb el [&hellip;]<\/p>\n","protected":false},"author":11,"featured_media":0,"comment_status":"open","ping_status":"closed","sticky":false,"template":"","format":"standard","meta":{"spay_email":"","footnotes":""},"categories":[1],"tags":[],"class_list":["post-7034","post","type-post","status-publish","format-standard","hentry","category-primer-equip-masculi"],"jetpack_featured_media_url":"","_links":{"self":[{"href":"https:\/\/cerdanyolach.cat\/hockey\/wp-json\/wp\/v2\/posts\/7034","targetHints":{"allow":["GET"]}}],"collection":[{"href":"https:\/\/cerdanyolach.cat\/hockey\/wp-json\/wp\/v2\/posts"}],"about":[{"href":"https:\/\/cerdanyolach.cat\/hockey\/wp-json\/wp\/v2\/types\/post"}],"author":[{"embeddable":true,"href":"https:\/\/cerdanyolach.cat\/hockey\/wp-json\/wp\/v2\/users\/11"}],"replies":[{"embeddable":true,"href":"https:\/\/cerdanyolach.cat\/hockey\/wp-json\/wp\/v2\/comments?post=7034"}],"version-history":[{"count":5,"href":"https:\/\/cerdanyolach.cat\/hockey\/wp-json\/wp\/v2\/posts\/7034\/revisions"}],"predecessor-version":[{"id":7042,"href":"https:\/\/cerdanyolach.cat\/hockey\/wp-json\/wp\/v2\/posts\/7034\/revisions\/7042"}],"wp:attachment":[{"href":"https:\/\/cerdanyolach.cat\/hockey\/wp-json\/wp\/v2\/media?parent=7034"}],"wp:term":[{"taxonomy":"category","embeddable":true,"href":"https:\/\/cerdanyolach.cat\/hockey\/wp-json\/wp\/v2\/categories?post=7034"},{"taxonomy":"post_tag","embeddable":true,"href":"https:\/\/cerdanyolach.cat\/hockey\/wp-json\/wp\/v2\/tags?post=7034"}],"curies":[{"name":"wp","href":"https:\/\/api.w.org\/{rel}","templated":true}]}}