{"id":7025,"date":"2011-12-03T14:06:35","date_gmt":"2011-12-03T13:06:35","guid":{"rendered":"http:\/\/cerdanyolach.cat\/hockey\/?p=7025"},"modified":"2011-12-03T14:09:11","modified_gmt":"2011-12-03T13:09:11","slug":"sopar-trobada-historia-cerdanyola-club-hoquei","status":"publish","type":"post","link":"https:\/\/cerdanyolach.cat\/hockey\/sopar-trobada-historia-cerdanyola-club-hoquei\/","title":{"rendered":"Sopar trobada hist\u00f2ria Cerdanyola Club Hoquei"},"content":{"rendered":"<p><span style=\"font-size: small\"><span style=\"font-family: Calibri\"><img decoding=\"async\" class=\"alignnone size-full wp-image-7027\" src=\"https:\/\/cerdanyolach.cat\/hockey\/wp-content\/uploads\/2011\/12\/logo75eaniversari.jpg\" alt=\"\" width=\"171\" height=\"150\" srcset=\"https:\/\/cerdanyolach.cat\/hockey\/wp-content\/uploads\/2011\/12\/logo75eaniversari.jpg 171w, https:\/\/cerdanyolach.cat\/hockey\/wp-content\/uploads\/2011\/12\/logo75eaniversari-150x132.jpg 150w\" sizes=\"(max-width: 171px) 100vw, 171px\" \/><\/span><\/span><\/p>\n<p><span style=\"font-size: small\"><span style=\"font-family: Calibri\">Gent del Cerdanyola Club Hoquei:<\/span><\/span><\/p>\n<p><span style=\"font-size: small\"><span style=\"font-family: Calibri\">En motiu del 75\u00e8 Aniversari, la Junta del Cerdanyola Club Hoquei i la Comissi\u00f3 del 75\u00e8 Aniversari vol convocar a tota la hist\u00f2ria viva del Cerdanyola Club Hoquei, per retrobar-nos i reviure experi\u00e8ncies verd i blanques.<\/p>\n<p>Per aix\u00f2 estem preparant un sopar trobada pel proper divendres 10 de febrer del 2012. A fi i efecte de poder realitzar una organitzaci\u00f3 \u00f2ptima i a l\u2019al\u00e7ada de les circumst\u00e0ncies, ens agradaria saber tota la gent que hi pugui estar interessada.<\/p>\n<p>El sopar \u00e9s obert als ex-jugadors, entrenadors, delegats i a tothom que d\u2019alguna manera o altra, sigui en la categoria que sigui i en qualsevol generaci\u00f3 hagin format o formin part del Cerdanyola Club Hoquei.<\/p>\n<p>L\u2019objectiu es retrobar-nos i tornar a fer gran el nostre club.<\/p>\n<p><\/span><\/span><\/p>\n<p style=\"text-align: left\"><span style=\"font-size: small;font-family: Calibri\">Per fer-nos arribar el vostre inter\u00e8s ho podeu fer per correu-e a l\u2019adre\u00e7a: <strong>info@cerdanyolach.com<\/strong><\/p>\n<p>Agregeu-vos al grup de Facebook: <\/span><a href=\"http:\/\/www.facebook.com\/groups\/328474963834235\/\" target=\"_blank\"><strong><span style=\"font-size: small;font-family: Calibri\">http:\/\/www.facebook.com\/groups\/328474963834235\/<\/span><\/strong><\/a><\/p>\n<p><span style=\"font-size: small\"><span style=\"font-family: Calibri\">Ben aviat us anirem informant&#8230;<\/span><\/span><\/p>\n","protected":false},"excerpt":{"rendered":"<p>Gent del Cerdanyola Club Hoquei: En motiu del 75\u00e8 Aniversari, la Junta del Cerdanyola Club Hoquei i la Comissi\u00f3 del [&hellip;]<\/p>\n","protected":false},"author":11,"featured_media":0,"comment_status":"open","ping_status":"closed","sticky":false,"template":"","format":"standard","meta":{"spay_email":"","footnotes":""},"categories":[18],"tags":[],"class_list":["post-7025","post","type-post","status-publish","format-standard","hentry","category-club"],"jetpack_featured_media_url":"","_links":{"self":[{"href":"https:\/\/cerdanyolach.cat\/hockey\/wp-json\/wp\/v2\/posts\/7025","targetHints":{"allow":["GET"]}}],"collection":[{"href":"https:\/\/cerdanyolach.cat\/hockey\/wp-json\/wp\/v2\/posts"}],"about":[{"href":"https:\/\/cerdanyolach.cat\/hockey\/wp-json\/wp\/v2\/types\/post"}],"author":[{"embeddable":true,"href":"https:\/\/cerdanyolach.cat\/hockey\/wp-json\/wp\/v2\/users\/11"}],"replies":[{"embeddable":true,"href":"https:\/\/cerdanyolach.cat\/hockey\/wp-json\/wp\/v2\/comments?post=7025"}],"version-history":[{"count":6,"href":"https:\/\/cerdanyolach.cat\/hockey\/wp-json\/wp\/v2\/posts\/7025\/revisions"}],"predecessor-version":[{"id":7032,"href":"https:\/\/cerdanyolach.cat\/hockey\/wp-json\/wp\/v2\/posts\/7025\/revisions\/7032"}],"wp:attachment":[{"href":"https:\/\/cerdanyolach.cat\/hockey\/wp-json\/wp\/v2\/media?parent=7025"}],"wp:term":[{"taxonomy":"category","embeddable":true,"href":"https:\/\/cerdanyolach.cat\/hockey\/wp-json\/wp\/v2\/categories?post=7025"},{"taxonomy":"post_tag","embeddable":true,"href":"https:\/\/cerdanyolach.cat\/hockey\/wp-json\/wp\/v2\/tags?post=7025"}],"curies":[{"name":"wp","href":"https:\/\/api.w.org\/{rel}","templated":true}]}}