{"id":7014,"date":"2011-11-29T18:38:14","date_gmt":"2011-11-29T17:38:14","guid":{"rendered":"http:\/\/cerdanyolach.cat\/hockey\/?p=7014"},"modified":"2011-11-29T18:38:14","modified_gmt":"2011-11-29T17:38:14","slug":"jr-10-hp-tona-7-%e2%80%93-mahecocerdanyola-ch-3","status":"publish","type":"post","link":"https:\/\/cerdanyolach.cat\/hockey\/jr-10-hp-tona-7-%e2%80%93-mahecocerdanyola-ch-3\/","title":{"rendered":"Jr. 10: HP Tona 7 \u2013 MahecoCerdanyola CH 3"},"content":{"rendered":"<h1><strong><span style=\"font-family: Calibri\"><a href=\"https:\/\/cerdanyolach.cat\/hockey\/wp-content\/uploads\/2011\/11\/10-tona1.jpg\" rel=\"lightbox[7014]\"><img fetchpriority=\"high\" decoding=\"async\" class=\"alignnone size-full wp-image-7010\" src=\"https:\/\/cerdanyolach.cat\/hockey\/wp-content\/uploads\/2011\/11\/10-tona1.jpg\" alt=\"\" width=\"420\" height=\"266\" srcset=\"https:\/\/cerdanyolach.cat\/hockey\/wp-content\/uploads\/2011\/11\/10-tona1.jpg 700w, https:\/\/cerdanyolach.cat\/hockey\/wp-content\/uploads\/2011\/11\/10-tona1-150x95.jpg 150w, https:\/\/cerdanyolach.cat\/hockey\/wp-content\/uploads\/2011\/11\/10-tona1-300x190.jpg 300w, https:\/\/cerdanyolach.cat\/hockey\/wp-content\/uploads\/2011\/11\/10-tona1-450x285.jpg 450w\" sizes=\"(max-width: 420px) 100vw, 420px\" \/><\/a><\/span><\/strong><\/h1>\n<h1><strong><span style=\"font-family: Calibri\">Un debut agredol\u00e7<\/span><\/strong><\/h1>\n<p><span style=\"font-size: small;font-family: Calibri\">El Cerdanyola afrontava un partit amb canvi d\u2019entrenador i un bon grapat d\u2019esperances. S\u2019esperava un partit diferent de tots els vistos fins ara, un partit lluitat i combatut on els vallesans oferissin una cara totalment diferent a la que venien mostrant els nou darrers partits. El Tona, situat a la part alta de la classificaci\u00f3, preveia un partit assequible sense gaires dificultats, per\u00f2 el conjunt de circumst\u00e0ncies van desembocar en un partit on es vei\u00e9 un Cerdanyola totalment nou, amb un joc diferent del que s\u2019havia vist fins ara, i demostrant que amb un enfocament diferent i amb canvis estructurals pot arribar molt lluny. Malgrat tot, el partit es decant\u00e0 cap als locals, per\u00f2 el marcador no reflexa el que realment fou un enfrontament molt disputat i on el Cerdanyola va tenir la vict\u00f2ria molt a la vora.<\/span><\/p>\n<p><em><span style=\"font-size: small\"><span style=\"font-family: Calibri\">Cinc inicial<\/span><\/span><\/em><\/p>\n<p><span style=\"font-size: small;font-family: Calibri\"><strong>H.P. Tona: <\/strong>Jaume Almat\u00f3, Xavier Oliva, Joan Torrents, Joan Montero, Noel Limoso<\/span><\/p>\n<p><span style=\"font-size: small;font-family: Calibri\"><strong>Cerdanyola CH:<\/strong> \u00c0lex Ma\u00f1\u00e9, Joan Aranda, Oriol Piquet, Marc Zanon, Xavi Mart\u00ed<\/span><\/p>\n<p><span style=\"font-size: small;font-family: Calibri\">El partit s\u2019iniciava for\u00e7a equiparat. Els dos equips feien lleus apropaments a les respectives porteries rivals, per\u00f2 sense massa perill, amb ocasions poc clares. Alguns xuts llunyans eren les ocasions m\u00e9s clares i la baixa intensitat regnava al pavell\u00f3. Tot aix\u00f2 s\u2019allarg\u00e0 fins el minut 18 de la primera part, on Piquet provoc\u00e0 un penal que Joan Torrents transform\u00e0 en el primer gol per als locals. A partir d\u2019aqu\u00ed el Cerdanyola comen\u00e7ava a apropar-se amb m\u00e9s intenci\u00f3 a la porteria rival mitjan\u00e7ant xuts perillosos de Noel i Aranda entre d\u2019altres. Malgrat tot, a falta de 10 minuts pel descans el Tona marcava el segon gol en un desajustament de la defensa vallesana, que aprofit\u00e0 Limoso per marcar el segon per al seu equip. La resposta del Cerdanyola aparegu\u00e9 4 minuts m\u00e9s tard, quan Zan\u00f3n marca el 2 a 1 i retalla dist\u00e0ncies despr\u00e9s de rebre i rematar una gran assist\u00e8ncia. <\/span><\/p>\n<p><span style=\"font-size: small;font-family: Calibri\">La segona part s\u2019iniciava amb un Cerdanyola molt motivat i que creia en les seves possibilitats. Zan\u00f3n gaudia d\u2019oportunitats clar\u00edssimes per als visitants i Ma\u00f1\u00e9 exercia a la perfecci\u00f3 el seu paper realitzant bones aturades. Tot aix\u00f2 provoc\u00e0 que Noel forc\u00e9s la desena falta dels locals, i ell mateix convert\u00ed la falta directa situant el marcador en empat a 2.\u00a0 El Cerdanyola entrava de ple en el partit, per\u00f2 el Tona no deixaria anar la vict\u00f2ria tan f\u00e0cilment i en un contracop Oliva avan\u00e7ava els locals i desfeia l\u2019empat. Malgrat tot, el Cerdanyola tornaria a provocar una falta directa que altre cop Noel transformava i aconseguia d\u2019aquesta manera restituir les taules altre cop al marcador. El partit arribava a un punt de for\u00e7a intensitat i picabaralles constants. Amb tot, el partit s\u2019igualava de manera espectacular i la vict\u00f2ria semblava que podia caure cap a qualsevol banda, per\u00f2 el Tona va ser m\u00e9s llest i a falta de 8 minuts trencava definitivament l\u2019empat mitjan\u00e7ant Montero en un contracop sense massa dificultats. A partir d\u2019aqu\u00ed, el Cerdanyola va anar sortint del partit progressivament i el Tona marc\u00e0 3 gols m\u00e9s en els \u00faltims dos minuts de partit, Montero-Limoso-Montero respectivament. <\/span><\/p>\n<p><span style=\"font-size: small;font-family: Calibri\">La Flama va acudir amb nou material al partit i, malgrat tot, va sortir del pavell\u00f3 amb esperances davant d\u2019un equip totalment renovat i amb un estil nou que encara ha de quallar i que sembla que pot aportar un gran nombre d\u2019alegries als afeccionats i jugadors del club deg\u00e0.<\/span><\/p>\n<p><span style=\"font-size: small;font-family: Calibri\"><a href=\"https:\/\/cerdanyolach.cat\/hockey\/wp-content\/uploads\/2011\/11\/10-tona2.jpg\" rel=\"lightbox[7014]\"><img decoding=\"async\" class=\"alignnone size-thumbnail wp-image-7011\" src=\"https:\/\/cerdanyolach.cat\/hockey\/wp-content\/uploads\/2011\/11\/10-tona2-150x100.jpg\" alt=\"\" width=\"150\" height=\"100\" \/><\/a><a href=\"https:\/\/cerdanyolach.cat\/hockey\/wp-content\/uploads\/2011\/11\/10-tona3.jpg\" rel=\"lightbox[7014]\"><img decoding=\"async\" class=\"alignnone size-thumbnail wp-image-7012\" src=\"https:\/\/cerdanyolach.cat\/hockey\/wp-content\/uploads\/2011\/11\/10-tona3-150x100.jpg\" alt=\"\" width=\"150\" height=\"100\" \/><\/a><a href=\"https:\/\/cerdanyolach.cat\/hockey\/wp-content\/uploads\/2011\/11\/10-tona4.jpg\" rel=\"lightbox[7014]\"><img loading=\"lazy\" decoding=\"async\" class=\"alignnone size-thumbnail wp-image-7013\" src=\"https:\/\/cerdanyolach.cat\/hockey\/wp-content\/uploads\/2011\/11\/10-tona4-150x100.jpg\" alt=\"\" width=\"150\" height=\"100\" \/><\/a><\/span><\/p>\n","protected":false},"excerpt":{"rendered":"<p>Un debut agredol\u00e7 El Cerdanyola afrontava un partit amb canvi d\u2019entrenador i un bon grapat d\u2019esperances. S\u2019esperava un partit diferent [&hellip;]<\/p>\n","protected":false},"author":11,"featured_media":0,"comment_status":"open","ping_status":"closed","sticky":false,"template":"","format":"standard","meta":{"spay_email":"","footnotes":""},"categories":[18],"tags":[],"class_list":["post-7014","post","type-post","status-publish","format-standard","hentry","category-club"],"jetpack_featured_media_url":"","_links":{"self":[{"href":"https:\/\/cerdanyolach.cat\/hockey\/wp-json\/wp\/v2\/posts\/7014","targetHints":{"allow":["GET"]}}],"collection":[{"href":"https:\/\/cerdanyolach.cat\/hockey\/wp-json\/wp\/v2\/posts"}],"about":[{"href":"https:\/\/cerdanyolach.cat\/hockey\/wp-json\/wp\/v2\/types\/post"}],"author":[{"embeddable":true,"href":"https:\/\/cerdanyolach.cat\/hockey\/wp-json\/wp\/v2\/users\/11"}],"replies":[{"embeddable":true,"href":"https:\/\/cerdanyolach.cat\/hockey\/wp-json\/wp\/v2\/comments?post=7014"}],"version-history":[{"count":3,"href":"https:\/\/cerdanyolach.cat\/hockey\/wp-json\/wp\/v2\/posts\/7014\/revisions"}],"predecessor-version":[{"id":7017,"href":"https:\/\/cerdanyolach.cat\/hockey\/wp-json\/wp\/v2\/posts\/7014\/revisions\/7017"}],"wp:attachment":[{"href":"https:\/\/cerdanyolach.cat\/hockey\/wp-json\/wp\/v2\/media?parent=7014"}],"wp:term":[{"taxonomy":"category","embeddable":true,"href":"https:\/\/cerdanyolach.cat\/hockey\/wp-json\/wp\/v2\/categories?post=7014"},{"taxonomy":"post_tag","embeddable":true,"href":"https:\/\/cerdanyolach.cat\/hockey\/wp-json\/wp\/v2\/tags?post=7014"}],"curies":[{"name":"wp","href":"https:\/\/api.w.org\/{rel}","templated":true}]}}