{"id":6999,"date":"2011-11-20T17:57:06","date_gmt":"2011-11-20T16:57:06","guid":{"rendered":"http:\/\/cerdanyolach.cat\/hockey\/?p=6999"},"modified":"2011-11-20T21:44:58","modified_gmt":"2011-11-20T20:44:58","slug":"jr-9-maheco-cerdanyola-ch-2-ce-arenys-de-munt-3","status":"publish","type":"post","link":"https:\/\/cerdanyolach.cat\/hockey\/jr-9-maheco-cerdanyola-ch-2-ce-arenys-de-munt-3\/","title":{"rendered":"Jr.9: Maheco Cerdanyola CH 2 &#8211; CE Arenys de Munt 3"},"content":{"rendered":"<h1><span style=\"font-size: large\"><strong><span style=\"font-family: Calibri\"><a href=\"https:\/\/cerdanyolach.cat\/hockey\/wp-content\/uploads\/2011\/11\/9_arenys1.jpg\" rel=\"lightbox[6999]\"><img fetchpriority=\"high\" decoding=\"async\" class=\"alignnone size-full wp-image-7004\" src=\"https:\/\/cerdanyolach.cat\/hockey\/wp-content\/uploads\/2011\/11\/9_arenys1.jpg\" alt=\"\" width=\"420\" height=\"314\" srcset=\"https:\/\/cerdanyolach.cat\/hockey\/wp-content\/uploads\/2011\/11\/9_arenys1.jpg 700w, https:\/\/cerdanyolach.cat\/hockey\/wp-content\/uploads\/2011\/11\/9_arenys1-150x112.jpg 150w, https:\/\/cerdanyolach.cat\/hockey\/wp-content\/uploads\/2011\/11\/9_arenys1-300x225.jpg 300w, https:\/\/cerdanyolach.cat\/hockey\/wp-content\/uploads\/2011\/11\/9_arenys1-450x336.jpg 450w\" sizes=\"(max-width: 420px) 100vw, 420px\" \/><\/a><\/span><\/strong><\/span><\/h1>\n<h1><span style=\"font-size: large\"><strong><span style=\"font-family: Calibri\">Al Cerdanyola se li escapa la vict\u00f2ria en els \u00faltims minuts<\/span><\/strong><\/span><\/h1>\n<p><span style=\"font-size: small;font-family: Calibri\">L\u2019Arenys de Munt, ara situat segon a la classificaci\u00f3 per\u00f2 que visitava Can Xarau com a quart, es dibuixava clarament com el favorit per a emportar-se la vict\u00f2ria. Malgrat tot, la classificaci\u00f3 enganya molts cops, i el Cerdanyola va fer cas om\u00eds d\u2019aquesta dada afrontant un partit intensament des del primer minut i oferint un joc mai vist en tota la temporada, a un nivell molt superior del que solia tenir l\u2019equip valles\u00e0, demostrant del que s\u00f3n capa\u00e7os.<\/span><\/p>\n<p><em><span style=\"font-size: small\"><span style=\"font-family: Calibri\">CINC INICIAL<\/span><\/span><\/em><\/p>\n<p><span style=\"font-size: small;font-family: Calibri\">Cerdanyola CH: \u00c0lex Ma\u00f1\u00e9, Joan Aranda, Oriol Piquet, Marc Zanon, Raul Castillo<\/span><\/p>\n<p><span style=\"font-size: small;font-family: Calibri\">C.E: Arenys de Munt: Josep Romeu, Gerard Cusachs, Jordi Illa, David Fit\u00f3, Albert Torra<\/span><\/p>\n<p><span style=\"font-size: small;font-family: Calibri\">El partit va comen\u00e7ar amb un Arenys atacant la porteria de Ma\u00f1\u00e9 i un Cerdanyola que s\u2019hi tornava amb contracops molt perillosos i algunes jugades for\u00e7a treballades. Raul i Aranda s\u2019encarregaven de gaudir de les primeres oportunitats clares del partit. El partit semblava igualtat per\u00f2 amb un major control per part dels locals, fins que en una jugada descontrolada, la bola queda morta davant la porteria i davant la confusi\u00f3 de Piquet, Torra s\u2019encarrega de marcar el primer gol del partit per als arenyencs, en una jugada pr\u00f2pia de depredador de l\u2019\u00e0rea. El partit, a pesar del gol, seguia les mateixes directrius, amb dos equips rivalitzats gaudint d\u2019ocasions de forma cont\u00ednua. Ma\u00f1\u00e9 exercia b\u00e9 el seu paper i l\u2019equip creava ocasions de forma f\u00e0cil i r\u00e0pida. A mesura que avan\u00e7ava, el partit es decantava a favor dels locals en quant a joc, fins que Zan\u00f3n aconsegu\u00ed empatar el partit en una bona jugada col\u00b7lectiva a falta de 9 minuts per al final de la primera part. La recta final d\u2019aquesta meitat finalitz\u00e0 amb un atac quasi constant dels verdiblancs i ocasions espor\u00e0diques dels arenyencs amb algun contracop i jugada perillosa.<\/span><\/p>\n<p><span style=\"font-size: small;font-family: Calibri\">La segona meitat s\u2019iniciava amb dues bones aturades de Ma\u00f1\u00e9, aix\u00ed com tamb\u00e9 amb un atac insistent de Noel que, en saltar al camp, encaden\u00e0 un seguit de xuts molt perillosos que feien patir de valent al porter de l\u2019Arenys. Aranda i Zan\u00f3n creaven una gran combinaci\u00f3 en una bona jugada que aturava Romeu, i Xavi i Piquet provaven de disparar des de lluny. A falta d\u2019un quart d\u2019hora, l\u2019\u00e0rbitre xiulava un penal a favor dels locals que Ra\u00fcl Castillo transf<\/span><span style=\"font-size: small;font-family: Calibri\">ormava amb gran precisi\u00f3. Amb el segon gol el Sarda se situava per davant en el marcador i prenia poc a poc el control quasi total del partit. Malgrat tot i a causa del cansament, el Cerdanyola perdia una pilota al mig del camp i Oliana, molt atent, iniciava una carrera direcci\u00f3 a la porteria de Ma\u00f1\u00e9 que culminaria amb l\u2019empat. Els locals no es van deixar portar per les emocions i seguiren assetjant la porteria rival amb insist\u00e8ncia, per\u00f2 a falta d\u2019un minut aquests veien com Fito, molt atent i acompanyat de la sort per altra banda, culminava una remuntada trepidant i poc merescuda, on les nombroses ocasions del Cerdanyola no van convertir-se en gol mentre que els visitant van ser m\u00e9s fidels a l\u2019efectivitat.<\/span><\/p>\n<p><span style=\"font-size: small;font-family: Calibri\">Autor: <strong>Marc Solanes<\/strong><\/span><\/p>\n<p><span style=\"font-size: small;font-family: Calibri\"><strong><a href=\"https:\/\/cerdanyolach.cat\/hockey\/wp-content\/uploads\/2011\/11\/9_arenys2.jpg\" rel=\"lightbox[6999]\"><img decoding=\"async\" class=\"alignnone size-thumbnail wp-image-7005\" src=\"https:\/\/cerdanyolach.cat\/hockey\/wp-content\/uploads\/2011\/11\/9_arenys2-150x100.jpg\" alt=\"\" width=\"150\" height=\"100\" \/><\/a><a href=\"https:\/\/cerdanyolach.cat\/hockey\/wp-content\/uploads\/2011\/11\/9_arenys3.jpg\" rel=\"lightbox[6999]\"><img decoding=\"async\" class=\"alignnone size-thumbnail wp-image-7006\" src=\"https:\/\/cerdanyolach.cat\/hockey\/wp-content\/uploads\/2011\/11\/9_arenys3-150x100.jpg\" alt=\"\" width=\"150\" height=\"100\" \/><\/a><a href=\"https:\/\/cerdanyolach.cat\/hockey\/wp-content\/uploads\/2011\/11\/9_arenys4.jpg\" rel=\"lightbox[6999]\"><img loading=\"lazy\" decoding=\"async\" class=\"alignnone size-thumbnail wp-image-7007\" src=\"https:\/\/cerdanyolach.cat\/hockey\/wp-content\/uploads\/2011\/11\/9_arenys4-150x100.jpg\" alt=\"\" width=\"150\" height=\"100\" srcset=\"https:\/\/cerdanyolach.cat\/hockey\/wp-content\/uploads\/2011\/11\/9_arenys4-150x100.jpg 150w, https:\/\/cerdanyolach.cat\/hockey\/wp-content\/uploads\/2011\/11\/9_arenys4-300x202.jpg 300w, https:\/\/cerdanyolach.cat\/hockey\/wp-content\/uploads\/2011\/11\/9_arenys4-450x302.jpg 450w, https:\/\/cerdanyolach.cat\/hockey\/wp-content\/uploads\/2011\/11\/9_arenys4.jpg 700w\" sizes=\"(max-width: 150px) 100vw, 150px\" \/><\/a><\/strong><\/span><\/p>\n","protected":false},"excerpt":{"rendered":"<p>Al Cerdanyola se li escapa la vict\u00f2ria en els \u00faltims minuts L\u2019Arenys de Munt, ara situat segon a la classificaci\u00f3 [&hellip;]<\/p>\n","protected":false},"author":11,"featured_media":0,"comment_status":"open","ping_status":"closed","sticky":false,"template":"","format":"standard","meta":{"spay_email":"","footnotes":""},"categories":[1],"tags":[],"class_list":["post-6999","post","type-post","status-publish","format-standard","hentry","category-primer-equip-masculi"],"jetpack_featured_media_url":"","_links":{"self":[{"href":"https:\/\/cerdanyolach.cat\/hockey\/wp-json\/wp\/v2\/posts\/6999","targetHints":{"allow":["GET"]}}],"collection":[{"href":"https:\/\/cerdanyolach.cat\/hockey\/wp-json\/wp\/v2\/posts"}],"about":[{"href":"https:\/\/cerdanyolach.cat\/hockey\/wp-json\/wp\/v2\/types\/post"}],"author":[{"embeddable":true,"href":"https:\/\/cerdanyolach.cat\/hockey\/wp-json\/wp\/v2\/users\/11"}],"replies":[{"embeddable":true,"href":"https:\/\/cerdanyolach.cat\/hockey\/wp-json\/wp\/v2\/comments?post=6999"}],"version-history":[{"count":5,"href":"https:\/\/cerdanyolach.cat\/hockey\/wp-json\/wp\/v2\/posts\/6999\/revisions"}],"predecessor-version":[{"id":7008,"href":"https:\/\/cerdanyolach.cat\/hockey\/wp-json\/wp\/v2\/posts\/6999\/revisions\/7008"}],"wp:attachment":[{"href":"https:\/\/cerdanyolach.cat\/hockey\/wp-json\/wp\/v2\/media?parent=6999"}],"wp:term":[{"taxonomy":"category","embeddable":true,"href":"https:\/\/cerdanyolach.cat\/hockey\/wp-json\/wp\/v2\/categories?post=6999"},{"taxonomy":"post_tag","embeddable":true,"href":"https:\/\/cerdanyolach.cat\/hockey\/wp-json\/wp\/v2\/tags?post=6999"}],"curies":[{"name":"wp","href":"https:\/\/api.w.org\/{rel}","templated":true}]}}