{"id":2478,"date":"2009-05-20T09:54:09","date_gmt":"2009-05-20T08:54:09","guid":{"rendered":"http:\/\/cerdanyolach.cat\/hoqueipatins\/?p=2478"},"modified":"2009-05-21T19:59:17","modified_gmt":"2009-05-21T18:59:17","slug":"partits-cap-de-setmana-22","status":"publish","type":"post","link":"https:\/\/cerdanyolach.cat\/hockey\/partits-cap-de-setmana-22\/","title":{"rendered":"Partits cap de setmana"},"content":{"rendered":"<table border=\"0\" cellspacing=\"0\" cellpadding=\"0\" width=\"97%\" align=\"center\">\n<tbody>\n<tr>\n<td valign=\"top\" scope=\"col\">\n<table border=\"0\" cellspacing=\"1\" cellpadding=\"5\" width=\"100%\" align=\"center\" bgcolor=\"#cacaca\">\n<tbody>\n<tr>\n<td height=\"15\" bgcolor=\"#969696\">\n<div class=\"Estilo1 Estilo1\"><span style=\"color: #ffffff;\">CATEGORIA<\/span><\/div>\n<\/td>\n<td height=\"15\" bgcolor=\"#969696\">\n<div class=\"Estilo1\"><span style=\"color: #ffffff;\">LOCAL<\/span><\/div>\n<\/td>\n<td height=\"15\" bgcolor=\"#969696\">\n<div class=\"Estilo1\"><span style=\"color: #ffffff;\">VISITANT<\/span><\/div>\n<\/td>\n<td height=\"15\" bgcolor=\"#969696\">\n<div style=\"text-align: center;\"><span style=\"color: #ffffff;\">HORARI<\/span><\/div>\n<\/td>\n<\/tr>\n<tr>\n<td colspan=\"4\" height=\"15\" bgcolor=\"#ffffff\"><strong>Divendres  22-5-2009<\/strong><\/td>\n<\/tr>\n<tr>\n<td bgcolor=\"#eeeeee\">\n<div><a href=\"http:\/\/cerdanyolach.cat\/hoqueipatins\/galeria_hoquei\/equips08_09\/femeni.html\">FEMEN\u00cd<\/a><\/div>\n<\/td>\n<td bgcolor=\"#eeeeee\">\n<div>Voltreg\u00e0<\/div>\n<\/td>\n<td bgcolor=\"#eeeeee\">\n<div>\n<div><strong><span style=\"color: #99cc00;\">Cerdanyola<\/span><\/strong><span style=\"color: #99cc00;\"><strong> CH<\/strong><\/span><\/div>\n<\/div>\n<\/td>\n<td height=\"15\" bgcolor=\"#ff9933\">\n<div style=\"text-align: center;\"><strong>21 : 30<\/strong><\/div>\n<\/td>\n<\/tr>\n<tr>\n<td colspan=\"4\" height=\"15\" bgcolor=\"#ffffff\"><strong>Dissabte  23-5-2009<\/strong><\/td>\n<\/tr>\n<tr>\n<td bgcolor=\"#eeeeee\">\n<div><a href=\"http:\/\/cerdanyolach.cat\/hoqueipatins\/galeria_hoquei\/equips08_09\/prebenjami_B.html\">PREBENJAM\u00cd B<\/a><\/div>\n<\/td>\n<td bgcolor=\"#eeeeee\">\n<div><strong><span style=\"color: #99cc00;\">Cerdanyola<\/span><\/strong><strong><span style=\"color: #99cc00;\"> CH<\/span><\/strong><\/div>\n<\/td>\n<td bgcolor=\"#eeeeee\">\n<div><span style=\"text-align: center;\"><span style=\"color: #3366ff;\">DESCANSA<\/span><\/span><\/div>\n<\/td>\n<td height=\"15\" bgcolor=\"#ff9933\">\n<div style=\"text-align: center;\"><strong>&#8211;<\/strong><\/div>\n<\/td>\n<\/tr>\n<tr>\n<td bgcolor=\"#eeeeee\">\n<div><a href=\"http:\/\/cerdanyolach.cat\/hoqueipatins\/galeria_hoquei\/equips08_09\/prebenjami_A.html\">PREBENJAM\u00cd A<\/a><\/div>\n<\/td>\n<td bgcolor=\"#eeeeee\">\n<div>Sferic Terrassa<\/div>\n<\/td>\n<td bgcolor=\"#eeeeee\">\n<div>\n<div><strong><span style=\"color: #99cc00;\">Cerdanyola<\/span><\/strong><span style=\"color: #99cc00;\"><strong> CH<\/strong><\/span><\/div>\n<\/div>\n<\/td>\n<td height=\"15\" bgcolor=\"#ff9933\">\n<div style=\"text-align: center;\"><strong>9 : 30<\/strong><\/div>\n<\/td>\n<\/tr>\n<tr>\n<td bgcolor=\"#eeeeee\">\n<div><a href=\"http:\/\/cerdanyolach.cat\/hoqueipatins\/galeria_hoquei\/equips08_09\/benjami_B.html\">BENJAM\u00cd B <\/a><\/div>\n<\/td>\n<td bgcolor=\"#eeeeee\">\n<div>La Garriga<\/div>\n<\/td>\n<td bgcolor=\"#eeeeee\">\n<div>\n<div><strong><span style=\"color: #99cc00;\">Cerdanyola<\/span><\/strong><span style=\"color: #99cc00;\"><strong> CH<\/strong><\/span><\/div>\n<\/div>\n<\/td>\n<td bgcolor=\"#ff9933\">\n<div style=\"text-align: center;\"><strong>12 : 00<\/strong><\/div>\n<\/td>\n<\/tr>\n<tr>\n<td bgcolor=\"#eeeeee\">\n<div>\n<div><a href=\"http:\/\/cerdanyolach.cat\/hoqueipatins\/galeria_hoquei\/equips08_09\/alevi.html\">ALEV\u00cd<\/a><\/div>\n<\/div>\n<\/td>\n<td bgcolor=\"#eeeeee\">\n<div>\n<div>Monjos<\/div>\n<\/div>\n<\/td>\n<td bgcolor=\"#eeeeee\">\n<div>\n<div><strong><span style=\"color: #99cc00;\">Cerdanyola<\/span><\/strong><span style=\"color: #99cc00;\"><strong> CH<\/strong><\/span><\/div>\n<\/div>\n<\/td>\n<td height=\"15\" bgcolor=\"#ff9933\">\n<div style=\"text-align: center;\"><strong>19 : 00<\/strong><\/div>\n<\/td>\n<\/tr>\n<tr>\n<td bgcolor=\"#eeeeee\">\n<div><a href=\"http:\/\/cerdanyolach.cat\/hoqueipatins\/galeria_hoquei\/equips08_09\/infantil_B.html\">INFANTIL B<\/a><\/div>\n<\/td>\n<td bgcolor=\"#eeeeee\">\n<div>\n<div><strong><span style=\"color: #99cc00;\">Cerdanyola<\/span><\/strong><span style=\"color: #99cc00;\"><strong> CH<\/strong><\/span><\/div>\n<\/div>\n<\/td>\n<td bgcolor=\"#eeeeee\">\n<div>\n<div>Vic<\/div>\n<\/div>\n<\/td>\n<td height=\"15\" bgcolor=\"#ff9933\">\n<div style=\"text-align: center;\"><strong>12 : 00<\/strong><\/div>\n<\/td>\n<\/tr>\n<tr>\n<td bgcolor=\"#eeeeee\">\n<div><a href=\"http:\/\/cerdanyolach.cat\/hoqueipatins\/galeria_hoquei\/equips08_09\/juvenil.html\">JUVENIL<\/a><\/div>\n<\/td>\n<td bgcolor=\"#eeeeee\">\n<div>\n<div><strong><span style=\"color: #99cc00;\">Cerdanyola<\/span><\/strong><span style=\"color: #99cc00;\"><strong> CH<\/strong><\/span><\/div>\n<\/div>\n<\/td>\n<td bgcolor=\"#eeeeee\">\n<div><span style=\"text-align: center;\"><span style=\"color: #3366ff;\">DESCANSA<\/span><\/span><\/div>\n<\/td>\n<td height=\"15\" bgcolor=\"#ff9933\">\n<div style=\"text-align: center;\"><strong>&#8211;<\/strong><\/div>\n<\/td>\n<\/tr>\n<tr>\n<td bgcolor=\"#eeeeee\">\n<div><a href=\"http:\/\/cerdanyolach.cat\/hoqueipatins\/galeria_hoquei\/equips08_09\/junior.html\">J\u00daNIOR<\/a><\/div>\n<\/td>\n<td bgcolor=\"#eeeeee\">\n<div>\n<div><strong><span style=\"color: #99cc00;\">Cerdanyola<\/span><\/strong><span style=\"color: #99cc00;\"><strong> CH<\/strong><\/span><\/div>\n<\/div>\n<\/td>\n<td bgcolor=\"#eeeeee\">\n<div>Barber\u00e0<\/div>\n<\/td>\n<td height=\"15\" bgcolor=\"#ff9933\">\n<div style=\"text-align: center;\"><strong>17 : 30<\/strong><\/div>\n<\/td>\n<\/tr>\n<tr>\n<td height=\"15\" bgcolor=\"#eeeeee\">\n<div><a href=\"http:\/\/cerdanyolach.cat\/hoqueipatins\/galeria_hoquei\/equips08_09\/segona_cat.html\">2a CATALANA<\/a><\/div>\n<\/td>\n<td bgcolor=\"#eeeeee\">Universitari<\/td>\n<td bgcolor=\"#eeeeee\">\n<div>\n<div><strong><span style=\"color: #99cc00;\">Cerdanyola<\/span><\/strong><span style=\"color: #99cc00;\"><strong> CH<\/strong><\/span><\/div>\n<\/div>\n<\/td>\n<td height=\"15\" bgcolor=\"#ff9933\">\n<div style=\"text-align: center;\"><strong>17 : 15<\/strong><\/div>\n<\/td>\n<\/tr>\n<tr>\n<td bgcolor=\"#eeeeee\">\n<div><a href=\"http:\/\/cerdanyolach.cat\/hoqueipatins\/galeria_hoquei\/equips08_09\/primer_equip.html\">1a. NACIONAL <\/a><\/div>\n<\/td>\n<td bgcolor=\"#eeeeee\">\n<div>\n<div><strong><span style=\"color: #99cc00;\">Cerdanyola<\/span><\/strong><span style=\"color: #99cc00;\"><strong> CH<\/strong><\/span><\/div>\n<\/div>\n<\/td>\n<td bgcolor=\"#eeeeee\">\n<div>Pat\u00edn Coru\u00f1a<\/div>\n<\/td>\n<td height=\"15\" bgcolor=\"#ff9933\">\n<div style=\"text-align: center;\"><strong>20 : 00<\/strong><\/div>\n<\/td>\n<\/tr>\n<tr>\n<td colspan=\"4\" height=\"15\" bgcolor=\"#ffffff\"><strong>Diumenge 24-5-2009<\/strong><\/td>\n<\/tr>\n<tr>\n<td bgcolor=\"#eeeeee\">\n<div><a href=\"http:\/\/cerdanyolach.cat\/hoqueipatins\/galeria_hoquei\/equips08_09\/infantil_A.html\">INFANTIL A<\/a><\/div>\n<\/td>\n<td bgcolor=\"#eeeeee\">\n<div>Vilanova<\/div>\n<\/td>\n<td bgcolor=\"#eeeeee\">\n<div>\n<div><strong><span style=\"color: #99cc00;\">Cerdanyola<\/span><\/strong><span style=\"color: #99cc00;\"><strong> CH<\/strong><\/span><\/div>\n<\/div>\n<\/td>\n<td height=\"15\" bgcolor=\"#ff9933\">\n<div style=\"text-align: center;\"><strong>12 : 00<\/strong><\/div>\n<\/td>\n<\/tr>\n<tr>\n<td bgcolor=\"#eeeeee\">\n<div><a href=\"http:\/\/cerdanyolach.cat\/hoqueipatins\/galeria_hoquei\/equips08_09\/benjami_A.html\">BENJAM\u00cd A<\/a><\/div>\n<\/td>\n<td bgcolor=\"#eeeeee\">\n<div>Corbera<\/div>\n<\/td>\n<td bgcolor=\"#eeeeee\">\n<div>\n<div><strong><span style=\"color: #99cc00;\">Cerdanyola<\/span><\/strong><span style=\"color: #99cc00;\"><strong> CH<\/strong><\/span><\/div>\n<\/div>\n<\/td>\n<td bgcolor=\"#ff9933\">\n<div style=\"text-align: center;\"><strong>12 : 15<\/strong><\/div>\n<\/td>\n<\/tr>\n<\/tbody>\n<\/table>\n<\/td>\n<\/tr>\n<\/tbody>\n<\/table>\n","protected":false},"excerpt":{"rendered":"<p>CATEGORIA LOCAL VISITANT HORARI Divendres 22-5-2009 FEMEN\u00cd Voltreg\u00e0 Cerdanyola CH 21 : 30 Dissabte 23-5-2009 PREBENJAM\u00cd B Cerdanyola CH DESCANSA [&hellip;]<\/p>\n","protected":false},"author":1,"featured_media":0,"comment_status":"open","ping_status":"open","sticky":false,"template":"","format":"standard","meta":{"spay_email":"","footnotes":""},"categories":[4],"tags":[],"class_list":["post-2478","post","type-post","status-publish","format-standard","hentry","category-hoquei-base"],"jetpack_featured_media_url":"","_links":{"self":[{"href":"https:\/\/cerdanyolach.cat\/hockey\/wp-json\/wp\/v2\/posts\/2478","targetHints":{"allow":["GET"]}}],"collection":[{"href":"https:\/\/cerdanyolach.cat\/hockey\/wp-json\/wp\/v2\/posts"}],"about":[{"href":"https:\/\/cerdanyolach.cat\/hockey\/wp-json\/wp\/v2\/types\/post"}],"author":[{"embeddable":true,"href":"https:\/\/cerdanyolach.cat\/hockey\/wp-json\/wp\/v2\/users\/1"}],"replies":[{"embeddable":true,"href":"https:\/\/cerdanyolach.cat\/hockey\/wp-json\/wp\/v2\/comments?post=2478"}],"version-history":[{"count":6,"href":"https:\/\/cerdanyolach.cat\/hockey\/wp-json\/wp\/v2\/posts\/2478\/revisions"}],"predecessor-version":[{"id":2483,"href":"https:\/\/cerdanyolach.cat\/hockey\/wp-json\/wp\/v2\/posts\/2478\/revisions\/2483"}],"wp:attachment":[{"href":"https:\/\/cerdanyolach.cat\/hockey\/wp-json\/wp\/v2\/media?parent=2478"}],"wp:term":[{"taxonomy":"category","embeddable":true,"href":"https:\/\/cerdanyolach.cat\/hockey\/wp-json\/wp\/v2\/categories?post=2478"},{"taxonomy":"post_tag","embeddable":true,"href":"https:\/\/cerdanyolach.cat\/hockey\/wp-json\/wp\/v2\/tags?post=2478"}],"curies":[{"name":"wp","href":"https:\/\/api.w.org\/{rel}","templated":true}]}}