{"id":20080,"date":"2026-04-28T13:42:00","date_gmt":"2026-04-28T11:42:00","guid":{"rendered":"https:\/\/cerdanyolach.cat\/hockey\/?p=20080"},"modified":"2026-04-30T15:18:36","modified_gmt":"2026-04-30T13:18:36","slug":"torna-el-campus-marc-coy-2025","status":"publish","type":"post","link":"https:\/\/cerdanyolach.cat\/hockey\/torna-el-campus-marc-coy-2025\/","title":{"rendered":"Compte enrere per al Campus d\u2019Estiu Marc Coy 2026"},"content":{"rendered":"\n<figure class=\"wp-block-image size-large\"><img fetchpriority=\"high\" decoding=\"async\" width=\"486\" height=\"600\" src=\"https:\/\/cerdanyolach.cat\/hockey\/wp-content\/uploads\/2026\/04\/616509682_18315268834302132_170916738509850547_n-486x600.jpg\" alt=\"\" class=\"wp-image-20272\" srcset=\"https:\/\/cerdanyolach.cat\/hockey\/wp-content\/uploads\/2026\/04\/616509682_18315268834302132_170916738509850547_n-486x600.jpg 486w, https:\/\/cerdanyolach.cat\/hockey\/wp-content\/uploads\/2026\/04\/616509682_18315268834302132_170916738509850547_n-365x450.jpg 365w, https:\/\/cerdanyolach.cat\/hockey\/wp-content\/uploads\/2026\/04\/616509682_18315268834302132_170916738509850547_n-768x948.jpg 768w, https:\/\/cerdanyolach.cat\/hockey\/wp-content\/uploads\/2026\/04\/616509682_18315268834302132_170916738509850547_n.jpg 1080w\" sizes=\"(max-width: 486px) 100vw, 486px\" \/><\/figure>\n\n\n\n<p>Del <strong>24 de juny al 25 de juliol de 2026<\/strong> se celebrar\u00e0 una nova edici\u00f3 del Campus d\u2019Estiu organitzat pel jugador del primer equip i capit\u00e0 del Cerdanyola CH, <strong>Marc Coy<\/strong>.<\/p>\n\n\n\n<p>L\u2019activitat s\u2019adre\u00e7a a nens i nenes des de l\u2019etapa d\u2019Escola fins a categoria Infantil, que podran participar en cinc setmanes d\u2019hoquei patins combinant formaci\u00f3 esportiva i activitats l\u00fadiques, sota la direcci\u00f3 d\u2019un jugador del primer equip.<\/p>\n\n\n\n<p>El campus t\u00e9 com a objectius principals fomentar la pr\u00e0ctica de l\u2019hoquei patins en un entorn educatiu, millorar la t\u00e8cnica i la t\u00e0ctica individual, potenciar el treball en equip, desenvolupar la condici\u00f3 f\u00edsica adaptada a cada edat i promoure valors i bones pr\u00e0ctiques dins i fora de la pista. Paral\u00b7lelament, tamb\u00e9 es duran a terme activitats complement\u00e0ries.<\/p>\n\n\n\n<p><strong>Informaci\u00f3 general<\/strong><br \/>Dates: del 24 de juny al 25 de juliol<br \/>Horari: de 9.00 h a 17.30 h<\/p>\n\n\n\n<p><strong>Categories<\/strong><br \/>Escola: fins a 7 anys<br \/>Pre-benjamins: 8 i 9 anys<br \/>Benjamins: 10 i 11 anys<br \/>Alevins: 12 i 13 anys<br \/>Infantils: 14 a 15 anys<\/p>\n\n\n\n<p><strong>Setmanes del campus<\/strong><br \/>Setmana 1: del 24 al 27 de juny (preu redu\u00eft)<br \/>Setmana 2: del 30 de juny al 4 de juliol<br \/>Setmana 3: del 7 a l\u201911 de juliol<br \/>Setmana 4: del 14 al 18 de juliol<br \/>Setmana 5: del 21 al 25 de juliol<\/p>\n\n\n\n<p><strong>Direcci\u00f3 t\u00e8cnica<\/strong><br \/>Marc Coy<\/p>\n\n\n\n<p><strong>Inscripcions<\/strong><br \/>Per formalitzar la inscripci\u00f3 cal <strong>omplir la fitxa corresponent que trobareu a continuaci\u00f3<\/strong> i enviar-la al correu electr\u00f2nic: <a>mcoygrau@gmail.com<\/a><\/p>\n\n\n\n<div class=\"wp-block-file\"><a id=\"wp-block-file--media-6bbe0a85-0384-4edf-bb9e-f225d40d6e3c\" href=\"https:\/\/cerdanyolach.cat\/hockey\/wp-content\/uploads\/2025\/02\/ficha-inscripcio-catala-2026-1.docx\">Fitxa d&#8217;Inscripci\u00f3 Campus Marc Coy 2026<\/a><a href=\"https:\/\/cerdanyolach.cat\/hockey\/wp-content\/uploads\/2025\/02\/ficha-inscripcio-catala-2026-1.docx\" class=\"wp-block-file__button wp-element-button\" download aria-describedby=\"wp-block-file--media-6bbe0a85-0384-4edf-bb9e-f225d40d6e3c\">Baixa<\/a><\/div>\n\n\n\n<p>Per a m\u00e9s informaci\u00f3, es pot consultar el tr\u00edptic del campus 2026:<\/p>\n\n\n\n<div class=\"wp-block-file\"><a id=\"wp-block-file--media-f677da46-b904-4b84-9a77-12722a5d2fca\" href=\"https:\/\/cerdanyolach.cat\/hockey\/wp-content\/uploads\/2025\/02\/CAMPUS-TRIPTIC-2026.doc\">CAMPUS TRIPTIC 2026<\/a><a href=\"https:\/\/cerdanyolach.cat\/hockey\/wp-content\/uploads\/2025\/02\/CAMPUS-TRIPTIC-2026.doc\" class=\"wp-block-file__button wp-element-button\" download aria-describedby=\"wp-block-file--media-f677da46-b904-4b84-9a77-12722a5d2fca\">Baixa<\/a><\/div>\n\n\n\n\n\n\n\n\n\n\n","protected":false},"excerpt":{"rendered":"<p>Del 24 de juny al 25 de juliol de 2026 se celebrar\u00e0 una nova edici\u00f3 del Campus d\u2019Estiu organitzat pel [&hellip;]<\/p>\n","protected":false},"author":1,"featured_media":20269,"comment_status":"closed","ping_status":"closed","sticky":true,"template":"","format":"standard","meta":{"spay_email":"","footnotes":""},"categories":[3],"tags":[],"class_list":["post-20080","post","type-post","status-publish","format-standard","has-post-thumbnail","hentry","category-noticies"],"jetpack_featured_media_url":"https:\/\/cerdanyolach.cat\/hockey\/wp-content\/uploads\/2025\/02\/616509682_18315268834302132_170916738509850547_n.jpg","_links":{"self":[{"href":"https:\/\/cerdanyolach.cat\/hockey\/wp-json\/wp\/v2\/posts\/20080","targetHints":{"allow":["GET"]}}],"collection":[{"href":"https:\/\/cerdanyolach.cat\/hockey\/wp-json\/wp\/v2\/posts"}],"about":[{"href":"https:\/\/cerdanyolach.cat\/hockey\/wp-json\/wp\/v2\/types\/post"}],"author":[{"embeddable":true,"href":"https:\/\/cerdanyolach.cat\/hockey\/wp-json\/wp\/v2\/users\/1"}],"replies":[{"embeddable":true,"href":"https:\/\/cerdanyolach.cat\/hockey\/wp-json\/wp\/v2\/comments?post=20080"}],"version-history":[{"count":7,"href":"https:\/\/cerdanyolach.cat\/hockey\/wp-json\/wp\/v2\/posts\/20080\/revisions"}],"predecessor-version":[{"id":20275,"href":"https:\/\/cerdanyolach.cat\/hockey\/wp-json\/wp\/v2\/posts\/20080\/revisions\/20275"}],"wp:featuredmedia":[{"embeddable":true,"href":"https:\/\/cerdanyolach.cat\/hockey\/wp-json\/wp\/v2\/media\/20269"}],"wp:attachment":[{"href":"https:\/\/cerdanyolach.cat\/hockey\/wp-json\/wp\/v2\/media?parent=20080"}],"wp:term":[{"taxonomy":"category","embeddable":true,"href":"https:\/\/cerdanyolach.cat\/hockey\/wp-json\/wp\/v2\/categories?post=20080"},{"taxonomy":"post_tag","embeddable":true,"href":"https:\/\/cerdanyolach.cat\/hockey\/wp-json\/wp\/v2\/tags?post=20080"}],"curies":[{"name":"wp","href":"https:\/\/api.w.org\/{rel}","templated":true}]}}