{"id":20060,"date":"2024-07-05T13:11:45","date_gmt":"2024-07-05T11:11:45","guid":{"rendered":"https:\/\/cerdanyolach.cat\/hockey\/?p=20060"},"modified":"2024-09-09T16:09:33","modified_gmt":"2024-09-09T14:09:33","slug":"estela-rubio-irene-torres-i-juanjo-ferrer-son-les-noves-incorporacions-per-lequip-dok-lliga","status":"publish","type":"post","link":"https:\/\/cerdanyolach.cat\/hockey\/estela-rubio-irene-torres-i-juanjo-ferrer-son-les-noves-incorporacions-per-lequip-dok-lliga\/","title":{"rendered":"Estela Rubio, Irene Torres i Juanjo Ferrer s\u00f3n les noves incorporacions per l\u2019equip d\u2019OK Lliga!"},"content":{"rendered":"\n<p>La temporada 2024\/25 ja presenta novetats pel que fa al primer equip femen\u00ed. El primer refor\u00e7 \u00e9s a la porteria. Despr\u00e9s de con\u00e8ixer la baixa de<strong> J\u00falia Vilarrasa<\/strong>, el club ha decidit incorporar <strong>Estela Rubio<\/strong>. La jove jugadora <strong>torna al club on es va formar en categories inferiors<\/strong> procedent del CP Las Rozas de Madrid, on aquesta temporada ha destacat pel seu bon rendiment a OK Lliga. Des del club asseguren que <strong>Rubio t\u00e9 unes condicions ideals per ocupar la porteria del primer equip<\/strong>, a m\u00e9s de comptar amb una enorme projecci\u00f3.<\/p>\n<p>El segon fitxatge pel primer equip \u00e9s <strong>Irene Torres<\/strong>, procedent del <strong>CP Voltreg\u00e0<\/strong>. Aquesta temporada ha estat la <strong>m\u00e0xima golejadora del filial amb 20 gols a Nacional Catalana<\/strong>. L&#8217;any es va proclamar <strong>campiona d\u2019Espanya i de l\u2019Eurockey Cup<\/strong>, a m\u00e9s, compta amb experi\u00e8ncia en les <strong>categories inferiors de la selecci\u00f3 espanyola<\/strong>. Aquest fitxatge aportar\u00e0 a l&#8217;equip d&#8217;OK Lliga gol i qualitat, a banda de ser una jugadora amb un futur molt prometedor.<\/p>\n<p>Per \u00faltim, amb el canvi a la banqueta. <strong>Marc Miranda<\/strong> passar\u00e0 a assumir un rol m\u00e9s secundari, i <strong>Juanjo Ferrer s&#8217;encarregar\u00e0 de ser el primer entrenador<\/strong> de l&#8217;equip. Despr\u00e9s d\u2019una llarga traject\u00f2ria a la <strong>base del CP Vilanova<\/strong>, Ferrar assumir\u00e0 l\u2019il\u00b7lusionant repte de dirigir l\u2019equip d\u2019OK Lliga la temporada vinent.\u00a0<\/p>\n<p>Amb aquestes tres incorporacions, mantenint el bloc de la temporada anterior amb les renovacions de <strong>Gemma Sol\u00e9<\/strong>, <strong>Carla Castro<\/strong>, <strong>Paula Ferr\u00f3n<\/strong>, <strong>Laura Valverde<\/strong>, <strong>Ana Valverde<\/strong> i <strong>Ariadna Carri\u00f3n<\/strong>, es preveu una temporada ambiciosa a l&#8217;OK Lliga.\u00a0<\/p>\n<p><a href=\"https:\/\/cerdanyolach.cat\/hockey\/wp-content\/uploads\/2024\/07\/0.4.png\" rel=\"lightbox[20060]\"><img fetchpriority=\"high\" decoding=\"async\" class=\"alignnone wp-image-20065\" src=\"https:\/\/cerdanyolach.cat\/hockey\/wp-content\/uploads\/2024\/07\/0.4-800x560.png\" alt=\"\" width=\"350\" height=\"245\" srcset=\"https:\/\/cerdanyolach.cat\/hockey\/wp-content\/uploads\/2024\/07\/0.4-800x560.png 800w, https:\/\/cerdanyolach.cat\/hockey\/wp-content\/uploads\/2024\/07\/0.4-450x315.png 450w, https:\/\/cerdanyolach.cat\/hockey\/wp-content\/uploads\/2024\/07\/0.4-768x538.png 768w, https:\/\/cerdanyolach.cat\/hockey\/wp-content\/uploads\/2024\/07\/0.4-130x90.png 130w, https:\/\/cerdanyolach.cat\/hockey\/wp-content\/uploads\/2024\/07\/0.4.png 1000w\" sizes=\"(max-width: 350px) 100vw, 350px\" \/><\/a> <a href=\"https:\/\/cerdanyolach.cat\/hockey\/wp-content\/uploads\/2024\/07\/0.6.png\" rel=\"lightbox[20060]\"><img decoding=\"async\" class=\"alignnone wp-image-20066\" src=\"https:\/\/cerdanyolach.cat\/hockey\/wp-content\/uploads\/2024\/07\/0.6-800x561.png\" alt=\"\" width=\"350\" height=\"245\" srcset=\"https:\/\/cerdanyolach.cat\/hockey\/wp-content\/uploads\/2024\/07\/0.6-800x561.png 800w, https:\/\/cerdanyolach.cat\/hockey\/wp-content\/uploads\/2024\/07\/0.6-450x315.png 450w, https:\/\/cerdanyolach.cat\/hockey\/wp-content\/uploads\/2024\/07\/0.6-768x538.png 768w, https:\/\/cerdanyolach.cat\/hockey\/wp-content\/uploads\/2024\/07\/0.6-130x90.png 130w, https:\/\/cerdanyolach.cat\/hockey\/wp-content\/uploads\/2024\/07\/0.6.png 1000w\" sizes=\"(max-width: 350px) 100vw, 350px\" \/><\/a> <a href=\"https:\/\/cerdanyolach.cat\/hockey\/wp-content\/uploads\/2024\/07\/0.8.png\" rel=\"lightbox[20060]\"><img decoding=\"async\" class=\"wp-image-20067 alignnone\" src=\"https:\/\/cerdanyolach.cat\/hockey\/wp-content\/uploads\/2024\/07\/0.8-800x560.png\" alt=\"\" width=\"350\" height=\"245\" srcset=\"https:\/\/cerdanyolach.cat\/hockey\/wp-content\/uploads\/2024\/07\/0.8-800x560.png 800w, https:\/\/cerdanyolach.cat\/hockey\/wp-content\/uploads\/2024\/07\/0.8-450x315.png 450w, https:\/\/cerdanyolach.cat\/hockey\/wp-content\/uploads\/2024\/07\/0.8-768x538.png 768w, https:\/\/cerdanyolach.cat\/hockey\/wp-content\/uploads\/2024\/07\/0.8-130x90.png 130w, https:\/\/cerdanyolach.cat\/hockey\/wp-content\/uploads\/2024\/07\/0.8.png 1000w\" sizes=\"(max-width: 350px) 100vw, 350px\" \/><\/a> <a href=\"https:\/\/cerdanyolach.cat\/hockey\/wp-content\/uploads\/2024\/07\/1.png\" rel=\"lightbox[20060]\"><img loading=\"lazy\" decoding=\"async\" class=\"wp-image-20068 alignnone\" src=\"https:\/\/cerdanyolach.cat\/hockey\/wp-content\/uploads\/2024\/07\/1-800x560.png\" alt=\"\" width=\"350\" height=\"245\" srcset=\"https:\/\/cerdanyolach.cat\/hockey\/wp-content\/uploads\/2024\/07\/1-800x560.png 800w, https:\/\/cerdanyolach.cat\/hockey\/wp-content\/uploads\/2024\/07\/1-450x315.png 450w, https:\/\/cerdanyolach.cat\/hockey\/wp-content\/uploads\/2024\/07\/1-768x538.png 768w, https:\/\/cerdanyolach.cat\/hockey\/wp-content\/uploads\/2024\/07\/1-130x90.png 130w, https:\/\/cerdanyolach.cat\/hockey\/wp-content\/uploads\/2024\/07\/1.png 1000w\" sizes=\"(max-width: 350px) 100vw, 350px\" \/><\/a><\/p>\n<p>\u00a0<\/p>\n","protected":false},"excerpt":{"rendered":"<p>La temporada 2024\/25 ja presenta novetats pel que fa al primer equip femen\u00ed. El primer refor\u00e7 \u00e9s a la porteria. [&hellip;]<\/p>\n","protected":false},"author":1,"featured_media":20064,"comment_status":"closed","ping_status":"closed","sticky":true,"template":"","format":"standard","meta":{"spay_email":"","footnotes":""},"categories":[11],"tags":[62,81],"class_list":["post-20060","post","type-post","status-publish","format-standard","has-post-thumbnail","hentry","category-primer-equip-femeni","tag-cerdanyola-ch","tag-ok-lliga-femenina"],"jetpack_featured_media_url":"https:\/\/cerdanyolach.cat\/hockey\/wp-content\/uploads\/2024\/07\/IMG_0668.png","_links":{"self":[{"href":"https:\/\/cerdanyolach.cat\/hockey\/wp-json\/wp\/v2\/posts\/20060","targetHints":{"allow":["GET"]}}],"collection":[{"href":"https:\/\/cerdanyolach.cat\/hockey\/wp-json\/wp\/v2\/posts"}],"about":[{"href":"https:\/\/cerdanyolach.cat\/hockey\/wp-json\/wp\/v2\/types\/post"}],"author":[{"embeddable":true,"href":"https:\/\/cerdanyolach.cat\/hockey\/wp-json\/wp\/v2\/users\/1"}],"replies":[{"embeddable":true,"href":"https:\/\/cerdanyolach.cat\/hockey\/wp-json\/wp\/v2\/comments?post=20060"}],"version-history":[{"count":5,"href":"https:\/\/cerdanyolach.cat\/hockey\/wp-json\/wp\/v2\/posts\/20060\/revisions"}],"predecessor-version":[{"id":20073,"href":"https:\/\/cerdanyolach.cat\/hockey\/wp-json\/wp\/v2\/posts\/20060\/revisions\/20073"}],"wp:featuredmedia":[{"embeddable":true,"href":"https:\/\/cerdanyolach.cat\/hockey\/wp-json\/wp\/v2\/media\/20064"}],"wp:attachment":[{"href":"https:\/\/cerdanyolach.cat\/hockey\/wp-json\/wp\/v2\/media?parent=20060"}],"wp:term":[{"taxonomy":"category","embeddable":true,"href":"https:\/\/cerdanyolach.cat\/hockey\/wp-json\/wp\/v2\/categories?post=20060"},{"taxonomy":"post_tag","embeddable":true,"href":"https:\/\/cerdanyolach.cat\/hockey\/wp-json\/wp\/v2\/tags?post=20060"}],"curies":[{"name":"wp","href":"https:\/\/api.w.org\/{rel}","templated":true}]}}