{"id":19971,"date":"2024-06-05T16:26:35","date_gmt":"2024-06-05T14:26:35","guid":{"rendered":"https:\/\/cerdanyolach.cat\/hockey\/?p=19971"},"modified":"2024-06-05T16:27:27","modified_gmt":"2024-06-05T14:27:27","slug":"abel-moya-primer-reforc-per-la-temporada-2024-25","status":"publish","type":"post","link":"https:\/\/cerdanyolach.cat\/hockey\/abel-moya-primer-reforc-per-la-temporada-2024-25\/","title":{"rendered":"Abel Moya, primer refor\u00e7 per la temporada 2024\/25"},"content":{"rendered":"\n<p><span style=\"font-weight: 400;\">Abel Moya s&#8217;incorpora en la din\u00e0mica del primer equip per a la temporada 2024\/25. Als 22 anys, el jugador fitxa pel Cerdanyola CH procedent del CH Matar\u00f3, conjunt que ha disputat OK Lliga aquest curs.<\/span><\/p>\n<p><span style=\"font-weight: 400;\">Autor de 9 gols amb l&#8217;equip maresmenc aquesta temporada, l&#8217;Abel compta amb una llarga traject\u00f2ria al m\u00f3n de l&#8217;hoquei patins. Als 8 anys va marxar de l&#8217;Sferic de Terrassa (club d&#8217;origen) per incorporar-se a la base del CHP Bigues i Riells. Despr\u00e9s de tres anys al club biguenc, posaria rumb al CH Caldes.<\/span><\/p>\n<p><span style=\"font-weight: 400;\">All\u00e0 assoliria grans fites, proclamant-se subcampi\u00f3 de Catalunya i d&#8217;Espanya amb l&#8217;equip Infantil l&#8217;any 2018. Aquell mateix any tamb\u00e9 seria campi\u00f3 d&#8217;Europa sub-17 amb la selecci\u00f3 espanyola. Despr\u00e9s de la seva etapa al Caldes, va jugar cedit al Jolaseta de Biscaia, passant posteriorment per Sant Cugat i, finalment, Matar\u00f3.\u00a0<\/span><\/p>\n<p><span style=\"font-weight: 400;\">El Cerdanyola CH incopora un jugador de qualitat, joventut i gol per refor\u00e7ar l&#8217;equip d&#8217;OK Plata.\u00a0<\/span><\/p>\n<p><span style=\"font-weight: 400;\">Benvingut a Can Xarau, Abel!<\/span><\/p>\n\n\n<div class=\"wp-block-image\">\n<figure class=\"alignleft size-large is-resized\"><a href=\"https:\/\/cerdanyolach.cat\/hockey\/wp-content\/uploads\/2024\/06\/ABEL-MOYA-FITXATGE-1.png\" rel=\"lightbox[19971]\"><img fetchpriority=\"high\" decoding=\"async\" width=\"579\" height=\"600\" src=\"https:\/\/cerdanyolach.cat\/hockey\/wp-content\/uploads\/2024\/06\/ABEL-MOYA-FITXATGE-1-579x600.png\" alt=\"\" class=\"wp-image-19973\" style=\"aspect-ratio:0.9736842105263158;object-fit:cover;width:300px\" srcset=\"https:\/\/cerdanyolach.cat\/hockey\/wp-content\/uploads\/2024\/06\/ABEL-MOYA-FITXATGE-1-579x600.png 579w, https:\/\/cerdanyolach.cat\/hockey\/wp-content\/uploads\/2024\/06\/ABEL-MOYA-FITXATGE-1-434x450.png 434w, https:\/\/cerdanyolach.cat\/hockey\/wp-content\/uploads\/2024\/06\/ABEL-MOYA-FITXATGE-1-768x796.png 768w, https:\/\/cerdanyolach.cat\/hockey\/wp-content\/uploads\/2024\/06\/ABEL-MOYA-FITXATGE-1.png 1080w\" sizes=\"(max-width: 579px) 100vw, 579px\" \/><\/a><\/figure>\n<\/div>\n\n\n<div class=\"wp-block-group is-nowrap is-layout-flex wp-container-core-group-is-layout-ad2f72ca wp-block-group-is-layout-flex\">\n<figure class=\"wp-block-image size-full is-resized\"><a href=\"https:\/\/cerdanyolach.cat\/hockey\/wp-content\/uploads\/2024\/06\/IMG_4690-1-1.png\" rel=\"lightbox[19971]\"><img decoding=\"async\" width=\"360\" height=\"359\" src=\"https:\/\/cerdanyolach.cat\/hockey\/wp-content\/uploads\/2024\/06\/IMG_4690-1-1.png\" alt=\"\" class=\"wp-image-19984\" style=\"aspect-ratio:0.9736842105263158;object-fit:cover;width:300px\" srcset=\"https:\/\/cerdanyolach.cat\/hockey\/wp-content\/uploads\/2024\/06\/IMG_4690-1-1.png 360w, https:\/\/cerdanyolach.cat\/hockey\/wp-content\/uploads\/2024\/06\/IMG_4690-1-1-150x150.png 150w\" sizes=\"(max-width: 360px) 100vw, 360px\" \/><\/a><\/figure>\n\n\n<\/div>\n","protected":false},"excerpt":{"rendered":"<p>Abel Moya s&#8217;incorpora en la din\u00e0mica del primer equip per a la temporada 2024\/25. Als 22 anys, el jugador fitxa [&hellip;]<\/p>\n","protected":false},"author":1,"featured_media":19977,"comment_status":"closed","ping_status":"closed","sticky":true,"template":"","format":"standard","meta":{"spay_email":"","footnotes":""},"categories":[1],"tags":[],"class_list":["post-19971","post","type-post","status-publish","format-standard","has-post-thumbnail","hentry","category-primer-equip-masculi"],"jetpack_featured_media_url":"https:\/\/cerdanyolach.cat\/hockey\/wp-content\/uploads\/2024\/06\/IMG_4690-1.png","_links":{"self":[{"href":"https:\/\/cerdanyolach.cat\/hockey\/wp-json\/wp\/v2\/posts\/19971","targetHints":{"allow":["GET"]}}],"collection":[{"href":"https:\/\/cerdanyolach.cat\/hockey\/wp-json\/wp\/v2\/posts"}],"about":[{"href":"https:\/\/cerdanyolach.cat\/hockey\/wp-json\/wp\/v2\/types\/post"}],"author":[{"embeddable":true,"href":"https:\/\/cerdanyolach.cat\/hockey\/wp-json\/wp\/v2\/users\/1"}],"replies":[{"embeddable":true,"href":"https:\/\/cerdanyolach.cat\/hockey\/wp-json\/wp\/v2\/comments?post=19971"}],"version-history":[{"count":15,"href":"https:\/\/cerdanyolach.cat\/hockey\/wp-json\/wp\/v2\/posts\/19971\/revisions"}],"predecessor-version":[{"id":20061,"href":"https:\/\/cerdanyolach.cat\/hockey\/wp-json\/wp\/v2\/posts\/19971\/revisions\/20061"}],"wp:featuredmedia":[{"embeddable":true,"href":"https:\/\/cerdanyolach.cat\/hockey\/wp-json\/wp\/v2\/media\/19977"}],"wp:attachment":[{"href":"https:\/\/cerdanyolach.cat\/hockey\/wp-json\/wp\/v2\/media?parent=19971"}],"wp:term":[{"taxonomy":"category","embeddable":true,"href":"https:\/\/cerdanyolach.cat\/hockey\/wp-json\/wp\/v2\/categories?post=19971"},{"taxonomy":"post_tag","embeddable":true,"href":"https:\/\/cerdanyolach.cat\/hockey\/wp-json\/wp\/v2\/tags?post=19971"}],"curies":[{"name":"wp","href":"https:\/\/api.w.org\/{rel}","templated":true}]}}