{"id":19597,"date":"2024-05-30T13:38:25","date_gmt":"2024-05-30T11:38:25","guid":{"rendered":"https:\/\/cerdanyolach.cat\/hockey\/?p=19597"},"modified":"2024-05-30T14:22:59","modified_gmt":"2024-05-30T12:22:59","slug":"celebrada-lassamblea-general-ordinaria-2024","status":"publish","type":"post","link":"https:\/\/cerdanyolach.cat\/hockey\/celebrada-lassamblea-general-ordinaria-2024\/","title":{"rendered":"Celebrada l\u2019Assamblea General Ordin\u00e0ria 2024"},"content":{"rendered":"\n<p>El passat dijous 23 de maig es va celebrar l\u2019Assamblea General Ordin\u00e0ria, on es van aprovar els comptes de les temporades 2022\/23 i 2023\/24.<\/p>\n<p>El proper 5 de juliol es convoquen eleccions a la Junta Directiva del club. El cens electoral ser\u00e0 d\u2019acc\u00e9s p\u00fablic pels socis i s\u00f2cies a les oficines del club des del dia 24 de maig fins el 6 de juny.<\/p>\n<p>La presentaci\u00f3 de candidatures es podr\u00e0 efectuar des del dia 12 fins el 26 de juny a la Junta Electoral. El dia de les votacions es fixa el dia 5 de juliol des de les 17:30h fins les 21h.<\/p>\n<figure id=\"attachment_19601\" aria-describedby=\"caption-attachment-19601\" style=\"width: 600px\" class=\"wp-caption alignnone\"><a href=\"https:\/\/cerdanyolach.cat\/hockey\/wp-content\/uploads\/2024\/05\/9000462E-7580-408B-A0EA-D08F19089BBE-1-scaled.jpg\" rel=\"lightbox[19597]\"><img fetchpriority=\"high\" decoding=\"async\" class=\"wp-image-19601 size-large\" src=\"https:\/\/cerdanyolach.cat\/hockey\/wp-content\/uploads\/2024\/05\/9000462E-7580-408B-A0EA-D08F19089BBE-1-600x600.jpg\" alt=\"Junta directiva del Cerdanyola Club d'Hoquei\" width=\"600\" height=\"600\" srcset=\"https:\/\/cerdanyolach.cat\/hockey\/wp-content\/uploads\/2024\/05\/9000462E-7580-408B-A0EA-D08F19089BBE-1-600x600.jpg 600w, https:\/\/cerdanyolach.cat\/hockey\/wp-content\/uploads\/2024\/05\/9000462E-7580-408B-A0EA-D08F19089BBE-1-450x450.jpg 450w, https:\/\/cerdanyolach.cat\/hockey\/wp-content\/uploads\/2024\/05\/9000462E-7580-408B-A0EA-D08F19089BBE-1-768x768.jpg 768w, https:\/\/cerdanyolach.cat\/hockey\/wp-content\/uploads\/2024\/05\/9000462E-7580-408B-A0EA-D08F19089BBE-1-1536x1536.jpg 1536w, https:\/\/cerdanyolach.cat\/hockey\/wp-content\/uploads\/2024\/05\/9000462E-7580-408B-A0EA-D08F19089BBE-1-2048x2048.jpg 2048w\" sizes=\"(max-width: 600px) 100vw, 600px\" \/><\/a><figcaption id=\"caption-attachment-19601\" class=\"wp-caption-text\">Junta directiva del Cerdanyola Club d&#8217;Hoquei<\/figcaption><\/figure>\n<p>Atentament,\u00a0<\/p>\n<p>Cerdanyola Club d&#8217;Hoquei<\/p>\n","protected":false},"excerpt":{"rendered":"<p>El passat dijous 23 de maig es va celebrar l\u2019Assamblea General Ordin\u00e0ria, on es van aprovar els comptes de les [&hellip;]<\/p>\n","protected":false},"author":1,"featured_media":19618,"comment_status":"closed","ping_status":"closed","sticky":true,"template":"","format":"standard","meta":{"spay_email":"","footnotes":""},"categories":[3],"tags":[],"class_list":["post-19597","post","type-post","status-publish","format-standard","has-post-thumbnail","hentry","category-noticies"],"jetpack_featured_media_url":"https:\/\/cerdanyolach.cat\/hockey\/wp-content\/uploads\/2024\/05\/9000462E-7580-408B-A0EA-D08F19089BBE-1.png","_links":{"self":[{"href":"https:\/\/cerdanyolach.cat\/hockey\/wp-json\/wp\/v2\/posts\/19597","targetHints":{"allow":["GET"]}}],"collection":[{"href":"https:\/\/cerdanyolach.cat\/hockey\/wp-json\/wp\/v2\/posts"}],"about":[{"href":"https:\/\/cerdanyolach.cat\/hockey\/wp-json\/wp\/v2\/types\/post"}],"author":[{"embeddable":true,"href":"https:\/\/cerdanyolach.cat\/hockey\/wp-json\/wp\/v2\/users\/1"}],"replies":[{"embeddable":true,"href":"https:\/\/cerdanyolach.cat\/hockey\/wp-json\/wp\/v2\/comments?post=19597"}],"version-history":[{"count":3,"href":"https:\/\/cerdanyolach.cat\/hockey\/wp-json\/wp\/v2\/posts\/19597\/revisions"}],"predecessor-version":[{"id":19616,"href":"https:\/\/cerdanyolach.cat\/hockey\/wp-json\/wp\/v2\/posts\/19597\/revisions\/19616"}],"wp:featuredmedia":[{"embeddable":true,"href":"https:\/\/cerdanyolach.cat\/hockey\/wp-json\/wp\/v2\/media\/19618"}],"wp:attachment":[{"href":"https:\/\/cerdanyolach.cat\/hockey\/wp-json\/wp\/v2\/media?parent=19597"}],"wp:term":[{"taxonomy":"category","embeddable":true,"href":"https:\/\/cerdanyolach.cat\/hockey\/wp-json\/wp\/v2\/categories?post=19597"},{"taxonomy":"post_tag","embeddable":true,"href":"https:\/\/cerdanyolach.cat\/hockey\/wp-json\/wp\/v2\/tags?post=19597"}],"curies":[{"name":"wp","href":"https:\/\/api.w.org\/{rel}","templated":true}]}}