{"id":19292,"date":"2023-05-08T17:06:39","date_gmt":"2023-05-08T16:06:39","guid":{"rendered":"https:\/\/cerdanyolach.cat\/hockey\/?p=19292"},"modified":"2023-05-08T17:11:07","modified_gmt":"2023-05-08T16:11:07","slug":"patinatge-trofeu-nacional-de-xou-dunas-de-liencres","status":"publish","type":"post","link":"https:\/\/cerdanyolach.cat\/hockey\/patinatge-trofeu-nacional-de-xou-dunas-de-liencres\/","title":{"rendered":"PATINATGE | Trofeu Nacional de Xou Dunas de Liencres"},"content":{"rendered":"\n<p><img fetchpriority=\"high\" decoding=\"async\" class=\"alignnone size-full wp-image-19295\" src=\"https:\/\/cerdanyolach.cat\/hockey\/wp-content\/uploads\/2023\/05\/WhatsApp-Image-2023-05-07-at-10.52.38.jpeg\" alt=\"\" width=\"1620\" height=\"1080\" srcset=\"https:\/\/cerdanyolach.cat\/hockey\/wp-content\/uploads\/2023\/05\/WhatsApp-Image-2023-05-07-at-10.52.38.jpeg 1620w, https:\/\/cerdanyolach.cat\/hockey\/wp-content\/uploads\/2023\/05\/WhatsApp-Image-2023-05-07-at-10.52.38-450x300.jpeg 450w, https:\/\/cerdanyolach.cat\/hockey\/wp-content\/uploads\/2023\/05\/WhatsApp-Image-2023-05-07-at-10.52.38-800x533.jpeg 800w, https:\/\/cerdanyolach.cat\/hockey\/wp-content\/uploads\/2023\/05\/WhatsApp-Image-2023-05-07-at-10.52.38-150x100.jpeg 150w, https:\/\/cerdanyolach.cat\/hockey\/wp-content\/uploads\/2023\/05\/WhatsApp-Image-2023-05-07-at-10.52.38-768x512.jpeg 768w, https:\/\/cerdanyolach.cat\/hockey\/wp-content\/uploads\/2023\/05\/WhatsApp-Image-2023-05-07-at-10.52.38-1536x1024.jpeg 1536w, https:\/\/cerdanyolach.cat\/hockey\/wp-content\/uploads\/2023\/05\/WhatsApp-Image-2023-05-07-at-10.52.38-750x500.jpeg 750w\" sizes=\"(max-width: 1620px) 100vw, 1620px\" \/><\/p>\n<p>El passat dissabte 6 de maig, l&#8217;<strong>Equip de Xou<\/strong> del <strong>Cerdanyola Club d&#8217;Hoquei<\/strong> va participar en el seu primer <strong>Trofeu Nacional<\/strong> quedant en tercera posici\u00f3 en la categoria J\u00fanior A.<\/p>\n<p>Les patinadores van demostrar tenir un gran domini de la coreografia <em><strong>Atypical<\/strong><\/em>, amb la qual han estat competint aquesta temporada. Van patinar r\u00e0pides i amb molta for\u00e7a, lluint la seva millor versi\u00f3 en una pista de luxe.<\/p>\n<p>Amb aquest campionat, l&#8217;equip verd-i-blanc tanca la temporada de competicions i comen\u00e7a a preparar amb moltes ganes, la coreografia de la temporada vinent.<\/p>\n<p>Si voleu gaudir del ball que les va proclamar Subcampiones de Barcelona, teniu una \u00faltima oportunitat de veure&#8217;l el dissabte 17 de juny, al <strong>Pavell\u00f3 Municipal Can Xarau<\/strong>, al Festival d&#8217;Estiu que organitza el club per tal de tancar la temporada.<\/p>\n<p>\u00a0<\/p>\n<p><img decoding=\"async\" class=\"alignnone size-full wp-image-19293\" src=\"https:\/\/cerdanyolach.cat\/hockey\/wp-content\/uploads\/2023\/05\/WhatsApp-Image-2023-05-07-at-10.51.24.jpeg\" alt=\"\" width=\"1536\" height=\"2048\" srcset=\"https:\/\/cerdanyolach.cat\/hockey\/wp-content\/uploads\/2023\/05\/WhatsApp-Image-2023-05-07-at-10.51.24.jpeg 1536w, https:\/\/cerdanyolach.cat\/hockey\/wp-content\/uploads\/2023\/05\/WhatsApp-Image-2023-05-07-at-10.51.24-338x450.jpeg 338w, https:\/\/cerdanyolach.cat\/hockey\/wp-content\/uploads\/2023\/05\/WhatsApp-Image-2023-05-07-at-10.51.24-450x600.jpeg 450w, https:\/\/cerdanyolach.cat\/hockey\/wp-content\/uploads\/2023\/05\/WhatsApp-Image-2023-05-07-at-10.51.24-768x1024.jpeg 768w, https:\/\/cerdanyolach.cat\/hockey\/wp-content\/uploads\/2023\/05\/WhatsApp-Image-2023-05-07-at-10.51.24-1152x1536.jpeg 1152w, https:\/\/cerdanyolach.cat\/hockey\/wp-content\/uploads\/2023\/05\/WhatsApp-Image-2023-05-07-at-10.51.24-750x1000.jpeg 750w\" sizes=\"(max-width: 1536px) 100vw, 1536px\" \/><\/p>\n<p><img decoding=\"async\" class=\"alignnone size-full wp-image-19294\" src=\"https:\/\/cerdanyolach.cat\/hockey\/wp-content\/uploads\/2023\/05\/WhatsApp-Image-2023-05-07-at-10.51.37.jpeg\" alt=\"\" width=\"1536\" height=\"2048\" srcset=\"https:\/\/cerdanyolach.cat\/hockey\/wp-content\/uploads\/2023\/05\/WhatsApp-Image-2023-05-07-at-10.51.37.jpeg 1536w, https:\/\/cerdanyolach.cat\/hockey\/wp-content\/uploads\/2023\/05\/WhatsApp-Image-2023-05-07-at-10.51.37-338x450.jpeg 338w, https:\/\/cerdanyolach.cat\/hockey\/wp-content\/uploads\/2023\/05\/WhatsApp-Image-2023-05-07-at-10.51.37-450x600.jpeg 450w, https:\/\/cerdanyolach.cat\/hockey\/wp-content\/uploads\/2023\/05\/WhatsApp-Image-2023-05-07-at-10.51.37-768x1024.jpeg 768w, https:\/\/cerdanyolach.cat\/hockey\/wp-content\/uploads\/2023\/05\/WhatsApp-Image-2023-05-07-at-10.51.37-1152x1536.jpeg 1152w, https:\/\/cerdanyolach.cat\/hockey\/wp-content\/uploads\/2023\/05\/WhatsApp-Image-2023-05-07-at-10.51.37-750x1000.jpeg 750w\" sizes=\"(max-width: 1536px) 100vw, 1536px\" \/><\/p>\n","protected":false},"excerpt":{"rendered":"<p>El passat dissabte 6 de maig, l&#8217;Equip de Xou del Cerdanyola Club d&#8217;Hoquei va participar en el seu primer Trofeu [&hellip;]<\/p>\n","protected":false},"author":1,"featured_media":0,"comment_status":"closed","ping_status":"closed","sticky":true,"template":"","format":"standard","meta":{"spay_email":"","footnotes":""},"categories":[23],"tags":[],"class_list":["post-19292","post","type-post","status-publish","format-standard","hentry","category-resultats"],"jetpack_featured_media_url":"","_links":{"self":[{"href":"https:\/\/cerdanyolach.cat\/hockey\/wp-json\/wp\/v2\/posts\/19292","targetHints":{"allow":["GET"]}}],"collection":[{"href":"https:\/\/cerdanyolach.cat\/hockey\/wp-json\/wp\/v2\/posts"}],"about":[{"href":"https:\/\/cerdanyolach.cat\/hockey\/wp-json\/wp\/v2\/types\/post"}],"author":[{"embeddable":true,"href":"https:\/\/cerdanyolach.cat\/hockey\/wp-json\/wp\/v2\/users\/1"}],"replies":[{"embeddable":true,"href":"https:\/\/cerdanyolach.cat\/hockey\/wp-json\/wp\/v2\/comments?post=19292"}],"version-history":[{"count":1,"href":"https:\/\/cerdanyolach.cat\/hockey\/wp-json\/wp\/v2\/posts\/19292\/revisions"}],"predecessor-version":[{"id":19296,"href":"https:\/\/cerdanyolach.cat\/hockey\/wp-json\/wp\/v2\/posts\/19292\/revisions\/19296"}],"wp:attachment":[{"href":"https:\/\/cerdanyolach.cat\/hockey\/wp-json\/wp\/v2\/media?parent=19292"}],"wp:term":[{"taxonomy":"category","embeddable":true,"href":"https:\/\/cerdanyolach.cat\/hockey\/wp-json\/wp\/v2\/categories?post=19292"},{"taxonomy":"post_tag","embeddable":true,"href":"https:\/\/cerdanyolach.cat\/hockey\/wp-json\/wp\/v2\/tags?post=19292"}],"curies":[{"name":"wp","href":"https:\/\/api.w.org\/{rel}","templated":true}]}}