{"id":19289,"date":"2023-05-08T16:59:16","date_gmt":"2023-05-08T15:59:16","guid":{"rendered":"https:\/\/cerdanyolach.cat\/hockey\/?p=19289"},"modified":"2023-05-08T16:59:19","modified_gmt":"2023-05-08T15:59:19","slug":"tornarem-amb-mes-forca","status":"publish","type":"post","link":"https:\/\/cerdanyolach.cat\/hockey\/tornarem-amb-mes-forca\/","title":{"rendered":"Tornarem amb m\u00e9s for\u00e7a"},"content":{"rendered":"\n<p>\u00a0<\/p><figure id=\"attachment_19290\" aria-describedby=\"caption-attachment-19290\" style=\"width: 2048px\" class=\"wp-caption alignnone\"><img fetchpriority=\"high\" decoding=\"async\" class=\"size-full wp-image-19290\" src=\"https:\/\/cerdanyolach.cat\/hockey\/wp-content\/uploads\/2023\/05\/FveJjIQWYAUORBD.jpeg\" alt=\"\" width=\"2048\" height=\"1319\" srcset=\"https:\/\/cerdanyolach.cat\/hockey\/wp-content\/uploads\/2023\/05\/FveJjIQWYAUORBD.jpeg 2048w, https:\/\/cerdanyolach.cat\/hockey\/wp-content\/uploads\/2023\/05\/FveJjIQWYAUORBD-450x290.jpeg 450w, https:\/\/cerdanyolach.cat\/hockey\/wp-content\/uploads\/2023\/05\/FveJjIQWYAUORBD-800x515.jpeg 800w, https:\/\/cerdanyolach.cat\/hockey\/wp-content\/uploads\/2023\/05\/FveJjIQWYAUORBD-768x495.jpeg 768w, https:\/\/cerdanyolach.cat\/hockey\/wp-content\/uploads\/2023\/05\/FveJjIQWYAUORBD-1536x989.jpeg 1536w, https:\/\/cerdanyolach.cat\/hockey\/wp-content\/uploads\/2023\/05\/FveJjIQWYAUORBD-750x483.jpeg 750w\" sizes=\"(max-width: 2048px) 100vw, 2048px\" \/><figcaption id=\"caption-attachment-19290\" class=\"wp-caption-text\">FOTO: N\u00faria Puentes<\/figcaption><\/figure><p><span class=\"css-901oao css-16my406 r-poiln3 r-bcqeeo r-qvutc0\" style=\"color: initial; font-family: -apple-system, BlinkMacSystemFont, 'Segoe UI', Roboto, Oxygen-Sans, Ubuntu, Cantarell, 'Helvetica Neue', sans-serif;\">La cruel derrota (4-2) a la pista del CP Las Rozas en l&#8217;\u00faltima jornada de l&#8217;Ok Liga <\/span><span class=\"css-901oao css-16my406 r-poiln3 r-bcqeeo r-qvutc0\" style=\"color: initial; font-family: -apple-system, BlinkMacSystemFont, 'Segoe UI', Roboto, Oxygen-Sans, Ubuntu, Cantarell, 'Helvetica Neue', sans-serif;\">ens fa perdre la categoria.<\/span><\/p>\n<div class=\"css-1dbjc4n r-1awozwy r-1hwvwag r-18kxxzh r-1b7u577\">\n<div class=\"css-1dbjc4n\" data-testid=\"Tweet-User-Avatar\">\n<div class=\"css-1dbjc4n r-18kxxzh r-1wbh5a2 r-13qz1uu\">\n<div class=\"css-1dbjc4n r-1wbh5a2 r-dnmrzs\">\n<div class=\"css-1dbjc4n r-1adg3ll r-bztko3\" data-testid=\"UserAvatar-Container-cerdanyolach\">\n<div class=\"r-1p0dtai r-1pi2tsx r-1d2f490 r-u8s1d r-ipm5af r-13qz1uu\">\n<div class=\"css-1dbjc4n r-1adg3ll r-1pi2tsx r-1wyvozj r-bztko3 r-u8s1d r-1v2oles r-desppf r-13qz1uu\">\n<div class=\"r-1adg3ll r-13qz1uu\"><span class=\"css-901oao css-16my406 r-poiln3 r-bcqeeo r-qvutc0\" style=\"color: initial; font-family: -apple-system, BlinkMacSystemFont, 'Segoe UI', Roboto, Oxygen-Sans, Ubuntu, Cantarell, 'Helvetica Neue', sans-serif;\">\u00c9s un moment dur, per\u00f2 tornarem m\u00e9s fortes. Tot el club est\u00e0 molt orgull\u00f3s de la feina feta per aquest equip. <\/span><\/div>\n<div>\u00a0<\/div>\n<div class=\"r-1adg3ll r-13qz1uu\"><span class=\"css-901oao css-16my406 r-poiln3 r-bcqeeo r-qvutc0\" style=\"color: initial; font-family: -apple-system, BlinkMacSystemFont, 'Segoe UI', Roboto, Oxygen-Sans, Ubuntu, Cantarell, 'Helvetica Neue', sans-serif;\">Gr\u00e0cies, equip. Treballarem per tornar al lloc que us mereixeu.<\/span><\/div>\n<\/div>\n<\/div>\n<\/div>\n<\/div>\n<\/div>\n<\/div>\n<\/div>\n","protected":false},"excerpt":{"rendered":"<p>\u00a0 La cruel derrota (4-2) a la pista del CP Las Rozas en l&#8217;\u00faltima jornada de l&#8217;Ok Liga ens fa [&hellip;]<\/p>\n","protected":false},"author":1,"featured_media":19290,"comment_status":"closed","ping_status":"closed","sticky":true,"template":"","format":"standard","meta":{"spay_email":"","footnotes":""},"categories":[11],"tags":[],"class_list":["post-19289","post","type-post","status-publish","format-standard","has-post-thumbnail","hentry","category-primer-equip-femeni"],"jetpack_featured_media_url":"https:\/\/cerdanyolach.cat\/hockey\/wp-content\/uploads\/2023\/05\/FveJjIQWYAUORBD.jpeg","_links":{"self":[{"href":"https:\/\/cerdanyolach.cat\/hockey\/wp-json\/wp\/v2\/posts\/19289","targetHints":{"allow":["GET"]}}],"collection":[{"href":"https:\/\/cerdanyolach.cat\/hockey\/wp-json\/wp\/v2\/posts"}],"about":[{"href":"https:\/\/cerdanyolach.cat\/hockey\/wp-json\/wp\/v2\/types\/post"}],"author":[{"embeddable":true,"href":"https:\/\/cerdanyolach.cat\/hockey\/wp-json\/wp\/v2\/users\/1"}],"replies":[{"embeddable":true,"href":"https:\/\/cerdanyolach.cat\/hockey\/wp-json\/wp\/v2\/comments?post=19289"}],"version-history":[{"count":1,"href":"https:\/\/cerdanyolach.cat\/hockey\/wp-json\/wp\/v2\/posts\/19289\/revisions"}],"predecessor-version":[{"id":19291,"href":"https:\/\/cerdanyolach.cat\/hockey\/wp-json\/wp\/v2\/posts\/19289\/revisions\/19291"}],"wp:featuredmedia":[{"embeddable":true,"href":"https:\/\/cerdanyolach.cat\/hockey\/wp-json\/wp\/v2\/media\/19290"}],"wp:attachment":[{"href":"https:\/\/cerdanyolach.cat\/hockey\/wp-json\/wp\/v2\/media?parent=19289"}],"wp:term":[{"taxonomy":"category","embeddable":true,"href":"https:\/\/cerdanyolach.cat\/hockey\/wp-json\/wp\/v2\/categories?post=19289"},{"taxonomy":"post_tag","embeddable":true,"href":"https:\/\/cerdanyolach.cat\/hockey\/wp-json\/wp\/v2\/tags?post=19289"}],"curies":[{"name":"wp","href":"https:\/\/api.w.org\/{rel}","templated":true}]}}