{"id":19214,"date":"2023-03-10T18:56:28","date_gmt":"2023-03-10T17:56:28","guid":{"rendered":"https:\/\/cerdanyolach.cat\/hockey\/?p=19214"},"modified":"2023-03-19T19:00:59","modified_gmt":"2023-03-19T18:00:59","slug":"lequip-de-xou-junior-vuite-de-catalunya","status":"publish","type":"post","link":"https:\/\/cerdanyolach.cat\/hockey\/lequip-de-xou-junior-vuite-de-catalunya\/","title":{"rendered":"L&#8217;equip de Xou J\u00fanior, vuit\u00e8 de Catalunya"},"content":{"rendered":"\n<figure id=\"attachment_19215\" aria-describedby=\"caption-attachment-19215\" style=\"width: 1920px\" class=\"wp-caption alignnone\"><img fetchpriority=\"high\" decoding=\"async\" class=\"size-full wp-image-19215\" src=\"https:\/\/cerdanyolach.cat\/hockey\/wp-content\/uploads\/2023\/03\/PetidierPhoto-40.jpg\" alt=\"\" width=\"1920\" height=\"1280\" srcset=\"https:\/\/cerdanyolach.cat\/hockey\/wp-content\/uploads\/2023\/03\/PetidierPhoto-40.jpg 1920w, https:\/\/cerdanyolach.cat\/hockey\/wp-content\/uploads\/2023\/03\/PetidierPhoto-40-450x300.jpg 450w, https:\/\/cerdanyolach.cat\/hockey\/wp-content\/uploads\/2023\/03\/PetidierPhoto-40-800x533.jpg 800w, https:\/\/cerdanyolach.cat\/hockey\/wp-content\/uploads\/2023\/03\/PetidierPhoto-40-150x100.jpg 150w, https:\/\/cerdanyolach.cat\/hockey\/wp-content\/uploads\/2023\/03\/PetidierPhoto-40-768x512.jpg 768w, https:\/\/cerdanyolach.cat\/hockey\/wp-content\/uploads\/2023\/03\/PetidierPhoto-40-1536x1024.jpg 1536w, https:\/\/cerdanyolach.cat\/hockey\/wp-content\/uploads\/2023\/03\/PetidierPhoto-40-750x500.jpg 750w\" sizes=\"(max-width: 1920px) 100vw, 1920px\" \/><figcaption id=\"caption-attachment-19215\" class=\"wp-caption-text\">Foto: Adri\u00e0 Petidier (Fecapa)<\/figcaption><\/figure>\n<p><br \/>Bon resultat de l&#8217;equip de <strong>Xou J\u00fanior<\/strong> de la secci\u00f3 del <strong>patinatge art\u00edsti<\/strong>c del <strong>Cerdanyola<\/strong><br \/><strong>Club d&#8217;Hoquei<\/strong> al <strong>Campionat de Catalunya<\/strong>, els dies 4 i 5 de mar\u00e7. El conjunt dirigit per <strong>Gemma \u00c1lvarez<\/strong> i\u00a0<strong><span class=\"hiddenSpellError\">Noelia<\/span>\u00a0Padilla<\/strong> va tancar el seu debut al campionat catal\u00e0 en la vuitena posici\u00f3 amb\u00a0<span class=\"hiddenGrammarError\">12.82<\/span> punts.\u00a0<br \/><br \/>El club i l&#8217;equip t\u00e8cnic valoren molt positivament aquest resultat, que significa que el conjunt ha arrencat amb for\u00e7a la seva experi\u00e8ncia competitiva en una competici\u00f3 amb un nivell molt alt. Malauradament, enguany no es classifiquen\u00a0tants equips\u00a0per disputar el Campionat d&#8217;Espanya com en temporades anteriors, i\u00a0<span class=\"hiddenGrammarError\">el Cerdanyola<\/span>\u00a0<span class=\"hiddenSpellError\">CH<\/span>\u00a0haur\u00e0 d&#8217;esperar per fer aquest salt.<br \/><br \/>L&#8217;equip Xou J\u00fanior va defensar la coreografia Atypical, un n\u00famero emotiu i ple de sensibilitat que tracta la realitat de les persones amb autisme. &#8220;L&#8217;equip va fer una bona <strong>coreografia<\/strong> i van estar molt correctes\u00a0quant a\u00a0formacions i l\u00ednies. Estem molt satisfetes amb la feina feta i amb l&#8217;evoluci\u00f3 d&#8217;aquest equip&#8221;, destaca l&#8217;entrenadora Gemma \u00c1lvarez.<br \/><br \/>Tot i aix\u00f2, l&#8217;equip Xou J\u00fanior disputar\u00e0 el 2n Trofeu Show\u00a0<span class=\"hiddenSpellError\">Dunas<\/span>\u00a0de\u00a0<span class=\"hiddenSpellError\">Liencres<\/span>\u00a0a Cant\u00e0bria, el pr\u00f2xim 6 de maig.<\/p>\n","protected":false},"excerpt":{"rendered":"<p>Bon resultat de l&#8217;equip de Xou J\u00fanior de la secci\u00f3 del patinatge art\u00edstic del CerdanyolaClub d&#8217;Hoquei al Campionat de Catalunya, [&hellip;]<\/p>\n","protected":false},"author":1,"featured_media":19215,"comment_status":"closed","ping_status":"closed","sticky":true,"template":"","format":"standard","meta":{"spay_email":"","footnotes":""},"categories":[23],"tags":[],"class_list":["post-19214","post","type-post","status-publish","format-standard","has-post-thumbnail","hentry","category-resultats"],"jetpack_featured_media_url":"https:\/\/cerdanyolach.cat\/hockey\/wp-content\/uploads\/2023\/03\/PetidierPhoto-40.jpg","_links":{"self":[{"href":"https:\/\/cerdanyolach.cat\/hockey\/wp-json\/wp\/v2\/posts\/19214","targetHints":{"allow":["GET"]}}],"collection":[{"href":"https:\/\/cerdanyolach.cat\/hockey\/wp-json\/wp\/v2\/posts"}],"about":[{"href":"https:\/\/cerdanyolach.cat\/hockey\/wp-json\/wp\/v2\/types\/post"}],"author":[{"embeddable":true,"href":"https:\/\/cerdanyolach.cat\/hockey\/wp-json\/wp\/v2\/users\/1"}],"replies":[{"embeddable":true,"href":"https:\/\/cerdanyolach.cat\/hockey\/wp-json\/wp\/v2\/comments?post=19214"}],"version-history":[{"count":1,"href":"https:\/\/cerdanyolach.cat\/hockey\/wp-json\/wp\/v2\/posts\/19214\/revisions"}],"predecessor-version":[{"id":19216,"href":"https:\/\/cerdanyolach.cat\/hockey\/wp-json\/wp\/v2\/posts\/19214\/revisions\/19216"}],"wp:featuredmedia":[{"embeddable":true,"href":"https:\/\/cerdanyolach.cat\/hockey\/wp-json\/wp\/v2\/media\/19215"}],"wp:attachment":[{"href":"https:\/\/cerdanyolach.cat\/hockey\/wp-json\/wp\/v2\/media?parent=19214"}],"wp:term":[{"taxonomy":"category","embeddable":true,"href":"https:\/\/cerdanyolach.cat\/hockey\/wp-json\/wp\/v2\/categories?post=19214"},{"taxonomy":"post_tag","embeddable":true,"href":"https:\/\/cerdanyolach.cat\/hockey\/wp-json\/wp\/v2\/tags?post=19214"}],"curies":[{"name":"wp","href":"https:\/\/api.w.org\/{rel}","templated":true}]}}