{"id":19051,"date":"2022-05-23T19:36:35","date_gmt":"2022-05-23T18:36:35","guid":{"rendered":"https:\/\/cerdanyolach.cat\/hockey\/?p=19051"},"modified":"2022-05-23T19:36:35","modified_gmt":"2022-05-23T18:36:35","slug":"es-convoca-lassemblea-general-ordinaria-del-cerdanyola-ch","status":"publish","type":"post","link":"https:\/\/cerdanyolach.cat\/hockey\/es-convoca-lassemblea-general-ordinaria-del-cerdanyola-ch\/","title":{"rendered":"Es convoca l&#8217;Assemblea General Ordin\u00e0ria del Cerdanyola CH"},"content":{"rendered":"\n<p><img fetchpriority=\"high\" decoding=\"async\" class=\"alignnone size-full wp-image-18558\" src=\"https:\/\/cerdanyolach.cat\/hockey\/wp-content\/uploads\/2020\/10\/logo-cerdanyola-ch-e1603989854851.jpg\" alt=\"\" width=\"1126\" height=\"377\" srcset=\"https:\/\/cerdanyolach.cat\/hockey\/wp-content\/uploads\/2020\/10\/logo-cerdanyola-ch-e1603989854851.jpg 1126w, https:\/\/cerdanyolach.cat\/hockey\/wp-content\/uploads\/2020\/10\/logo-cerdanyola-ch-e1603989854851-450x151.jpg 450w, https:\/\/cerdanyolach.cat\/hockey\/wp-content\/uploads\/2020\/10\/logo-cerdanyola-ch-e1603989854851-800x268.jpg 800w, https:\/\/cerdanyolach.cat\/hockey\/wp-content\/uploads\/2020\/10\/logo-cerdanyola-ch-e1603989854851-768x257.jpg 768w, https:\/\/cerdanyolach.cat\/hockey\/wp-content\/uploads\/2020\/10\/logo-cerdanyola-ch-e1603989854851-750x251.jpg 750w\" sizes=\"(max-width: 1126px) 100vw, 1126px\" \/><\/p>\n<p>D&#8217;acord amb els Estatuts Socials del <strong>Cerdanyola Club d&#8217;Hoquei<\/strong>, la Junta Directiva del club ha convocat<strong> l&#8217;Assemblea General Ordin\u00e0ria<\/strong> de l&#8217;entitat, el pr\u00f2xim dimarts 14 de juny.<\/p>\n<p><span style=\"font-size: revert; color: initial; font-family: -apple-system, BlinkMacSystemFont, 'Segoe UI', Roboto, Oxygen-Sans, Ubuntu, Cantarell, 'Helvetica Neue', sans-serif;\">L&#8217;assemblea se celebrar\u00e0 a partir de les <strong>19:30h<\/strong>, en primera convocat\u00f2ria, i les <strong>20h<\/strong>, en segona convocat\u00f2ria, a la seu social del club (Pavell\u00f3 Municipal Can Xarau, carrer Santa Anna s\/n).<\/span><\/p>\n<p>L&#8217;<strong>ordre del dia<\/strong> \u00e9s el seg\u00fcent:\u00a0<\/p>\n<ol>\n<li class=\"p1\">Lectura de l&#8217;acta anterior.<\/li>\n<li class=\"p1\">Aprovaci\u00f3 dels comptes anuals de la temporada 2018-2019.<\/li>\n<li class=\"p1\">Projecte d\u2019activitats i pressupost de la Temporada 2019-2020. 2020-2021, 2021-2022.<\/li>\n<li class=\"p1\">Aprovaci\u00f3 de la gesti\u00f3 econ\u00f2mica i esportiva realitzada per la Junta Directiva durant la Temporada<span class=\"Apple-converted-space\">\u00a0 <\/span>2018-2019. 2019-2020,2020-2021 .<\/li>\n<li class=\"p1\">Projecte d\u2019activitats i pressupost de la Temporada 2022-2023.<\/li>\n<li class=\"p1\">Aprovaci\u00f3 dels nous membres de la Junta Directiva<\/li>\n<li class=\"p1\">Precs i preguntes.<\/li>\n<\/ol>\n<p class=\"p1\">\u00a0<\/p>\n","protected":false},"excerpt":{"rendered":"<p>D&#8217;acord amb els Estatuts Socials del Cerdanyola Club d&#8217;Hoquei, la Junta Directiva del club ha convocat l&#8217;Assemblea General Ordin\u00e0ria de [&hellip;]<\/p>\n","protected":false},"author":1,"featured_media":18558,"comment_status":"closed","ping_status":"closed","sticky":false,"template":"","format":"standard","meta":{"spay_email":"","footnotes":""},"categories":[18],"tags":[],"class_list":["post-19051","post","type-post","status-publish","format-standard","has-post-thumbnail","hentry","category-club"],"jetpack_featured_media_url":"https:\/\/cerdanyolach.cat\/hockey\/wp-content\/uploads\/2020\/10\/logo-cerdanyola-ch-e1603989854851.jpg","_links":{"self":[{"href":"https:\/\/cerdanyolach.cat\/hockey\/wp-json\/wp\/v2\/posts\/19051","targetHints":{"allow":["GET"]}}],"collection":[{"href":"https:\/\/cerdanyolach.cat\/hockey\/wp-json\/wp\/v2\/posts"}],"about":[{"href":"https:\/\/cerdanyolach.cat\/hockey\/wp-json\/wp\/v2\/types\/post"}],"author":[{"embeddable":true,"href":"https:\/\/cerdanyolach.cat\/hockey\/wp-json\/wp\/v2\/users\/1"}],"replies":[{"embeddable":true,"href":"https:\/\/cerdanyolach.cat\/hockey\/wp-json\/wp\/v2\/comments?post=19051"}],"version-history":[{"count":2,"href":"https:\/\/cerdanyolach.cat\/hockey\/wp-json\/wp\/v2\/posts\/19051\/revisions"}],"predecessor-version":[{"id":19054,"href":"https:\/\/cerdanyolach.cat\/hockey\/wp-json\/wp\/v2\/posts\/19051\/revisions\/19054"}],"wp:featuredmedia":[{"embeddable":true,"href":"https:\/\/cerdanyolach.cat\/hockey\/wp-json\/wp\/v2\/media\/18558"}],"wp:attachment":[{"href":"https:\/\/cerdanyolach.cat\/hockey\/wp-json\/wp\/v2\/media?parent=19051"}],"wp:term":[{"taxonomy":"category","embeddable":true,"href":"https:\/\/cerdanyolach.cat\/hockey\/wp-json\/wp\/v2\/categories?post=19051"},{"taxonomy":"post_tag","embeddable":true,"href":"https:\/\/cerdanyolach.cat\/hockey\/wp-json\/wp\/v2\/tags?post=19051"}],"curies":[{"name":"wp","href":"https:\/\/api.w.org\/{rel}","templated":true}]}}