{"id":19036,"date":"2022-04-28T14:14:40","date_gmt":"2022-04-28T13:14:40","guid":{"rendered":"https:\/\/cerdanyolach.cat\/hockey\/?p=19036"},"modified":"2022-04-28T14:14:40","modified_gmt":"2022-04-28T13:14:40","slug":"gemma-alvarez-nova-coordinadora-de-la-seccio-de-patinatge-artistic","status":"publish","type":"post","link":"https:\/\/cerdanyolach.cat\/hockey\/gemma-alvarez-nova-coordinadora-de-la-seccio-de-patinatge-artistic\/","title":{"rendered":"Gemma \u00c0lvarez, nova coordinadora de la secci\u00f3 de patinatge art\u00edstic"},"content":{"rendered":"\n<p>\u00a0<\/p>\n<p><img fetchpriority=\"high\" decoding=\"async\" class=\"alignnone  wp-image-19037\" src=\"https:\/\/cerdanyolach.cat\/hockey\/wp-content\/uploads\/2022\/04\/gemma20alvarez.jpg\" alt=\"\" width=\"725\" height=\"544\" srcset=\"https:\/\/cerdanyolach.cat\/hockey\/wp-content\/uploads\/2022\/04\/gemma20alvarez.jpg 1877w, https:\/\/cerdanyolach.cat\/hockey\/wp-content\/uploads\/2022\/04\/gemma20alvarez-450x338.jpg 450w, https:\/\/cerdanyolach.cat\/hockey\/wp-content\/uploads\/2022\/04\/gemma20alvarez-800x600.jpg 800w, https:\/\/cerdanyolach.cat\/hockey\/wp-content\/uploads\/2022\/04\/gemma20alvarez-768x576.jpg 768w, https:\/\/cerdanyolach.cat\/hockey\/wp-content\/uploads\/2022\/04\/gemma20alvarez-1536x1152.jpg 1536w, https:\/\/cerdanyolach.cat\/hockey\/wp-content\/uploads\/2022\/04\/gemma20alvarez-750x563.jpg 750w\" sizes=\"(max-width: 725px) 100vw, 725px\" \/><\/p>\n<p><strong>Gemma \u00c0lvarez Costa<\/strong> \u00e9s la nova coordinadora de la secci\u00f3 de patinatge art\u00edstic del <strong>Cerdanyola Club d&#8217;Hoquei<\/strong>. Aix\u00ed, \u00c0lvarez substitueix<strong> Ester Fornells<\/strong>, qui ha decidit tancar la seva etapa al club despr\u00e9s d&#8217;anys dedicats a la secci\u00f3.<\/p>\n<p>El Cerdanyola CH vol recon\u00e8ixer i agrair la tasca feta per Fornells i la seva dedicaci\u00f3 al club, i vol desitjar-li molta sort en els seus projectes futurs.<\/p>\n<p><strong>Gemma \u00c0lvarez, experi\u00e8ncia i comprom\u00eds<\/strong><\/p>\n<p>Al capdavant de la secci\u00f3 s&#8217;hi posa una cerdanyolenca amb \u00e0mplia experi\u00e8ncia com a patinadora i entrenadora. Gemma \u00c0lvarez arriba procedent del <strong>Club Patinatge Art\u00edstic de Cerdanyola<\/strong>, on des de 2018 s&#8217;ocupava de la direcci\u00f3 esportiva. Llicenciada en <strong>Ci\u00e8ncies de l&#8217;Activitat F\u00edsica i l&#8217;Esport<\/strong> i especialitzada en gesti\u00f3 i en alt rendiment, \u00c0lvarez suma divuit anys d&#8217;experi\u00e8ncia com a entrenadora de patinatge en diferents categories i en clubs com el CPA Cerdanyola , el CPA Ripollet, el CP Piera, el CP Congr\u00e9s i el CP Igualada. Tamb\u00e9 destaca el seu pas per la<strong> Selecci\u00f3 Espanyola<\/strong> de Patinatge Art\u00edstic com a preparadora f\u00edsica i la seva experi\u00e8ncia com a patinadora federada competint a nivell internacional amb el<strong> Grup Xou<\/strong> del CPA Ripollet.<\/p>\n<p>La nova coordinadora arriba amb l&#8217;objectiu de potenciar i fer cr\u00e9ixer la secci\u00f3. Alhora,<strong> Gemma \u00c0lvarez<\/strong> destaca que vol fer que els patinadors i patinadores se sentin motivades i amb objectius, independentment dels resultats: &#8220;Vull que entenguin la competici\u00f3 com a part del joc. <strong>Part de l&#8217;entrenament \u00e9s competir i vull que notin com van evolucionant, independentment dels resultats<\/strong>&#8220;. La cerdanyolenca creu en el potencial d&#8217;aquest esport i posa el focus en les emocions que desperta: &#8220;La competici\u00f3 t\u00e9 coses molt bones, com les emocions que desperta en els patinadors i en el p\u00fablic, i tamb\u00e9 els vincles que es creen entre els esportistes&#8221;.<\/p>\n","protected":false},"excerpt":{"rendered":"<p>\u00a0 Gemma \u00c0lvarez Costa \u00e9s la nova coordinadora de la secci\u00f3 de patinatge art\u00edstic del Cerdanyola Club d&#8217;Hoquei. Aix\u00ed, \u00c0lvarez [&hellip;]<\/p>\n","protected":false},"author":1,"featured_media":19037,"comment_status":"closed","ping_status":"closed","sticky":true,"template":"","format":"standard","meta":{"spay_email":"","footnotes":""},"categories":[23],"tags":[],"class_list":["post-19036","post","type-post","status-publish","format-standard","has-post-thumbnail","hentry","category-resultats"],"jetpack_featured_media_url":"https:\/\/cerdanyolach.cat\/hockey\/wp-content\/uploads\/2022\/04\/gemma20alvarez.jpg","_links":{"self":[{"href":"https:\/\/cerdanyolach.cat\/hockey\/wp-json\/wp\/v2\/posts\/19036","targetHints":{"allow":["GET"]}}],"collection":[{"href":"https:\/\/cerdanyolach.cat\/hockey\/wp-json\/wp\/v2\/posts"}],"about":[{"href":"https:\/\/cerdanyolach.cat\/hockey\/wp-json\/wp\/v2\/types\/post"}],"author":[{"embeddable":true,"href":"https:\/\/cerdanyolach.cat\/hockey\/wp-json\/wp\/v2\/users\/1"}],"replies":[{"embeddable":true,"href":"https:\/\/cerdanyolach.cat\/hockey\/wp-json\/wp\/v2\/comments?post=19036"}],"version-history":[{"count":1,"href":"https:\/\/cerdanyolach.cat\/hockey\/wp-json\/wp\/v2\/posts\/19036\/revisions"}],"predecessor-version":[{"id":19038,"href":"https:\/\/cerdanyolach.cat\/hockey\/wp-json\/wp\/v2\/posts\/19036\/revisions\/19038"}],"wp:featuredmedia":[{"embeddable":true,"href":"https:\/\/cerdanyolach.cat\/hockey\/wp-json\/wp\/v2\/media\/19037"}],"wp:attachment":[{"href":"https:\/\/cerdanyolach.cat\/hockey\/wp-json\/wp\/v2\/media?parent=19036"}],"wp:term":[{"taxonomy":"category","embeddable":true,"href":"https:\/\/cerdanyolach.cat\/hockey\/wp-json\/wp\/v2\/categories?post=19036"},{"taxonomy":"post_tag","embeddable":true,"href":"https:\/\/cerdanyolach.cat\/hockey\/wp-json\/wp\/v2\/tags?post=19036"}],"curies":[{"name":"wp","href":"https:\/\/api.w.org\/{rel}","templated":true}]}}