{"id":18829,"date":"2021-09-01T18:40:05","date_gmt":"2021-09-01T17:40:05","guid":{"rendered":"https:\/\/cerdanyolach.cat\/hockey\/?p=18829"},"modified":"2021-09-01T18:40:36","modified_gmt":"2021-09-01T17:40:36","slug":"el-ch-mataro-primer-rival-a-lok-liga-21-22","status":"publish","type":"post","link":"https:\/\/cerdanyolach.cat\/hockey\/el-ch-mataro-primer-rival-a-lok-liga-21-22\/","title":{"rendered":"El CH Matar\u00f3, primer rival a l&#8217;OK Liga 21-22"},"content":{"rendered":"\n<p><img fetchpriority=\"high\" decoding=\"async\" class=\"alignnone  wp-image-18830\" src=\"https:\/\/cerdanyolach.cat\/hockey\/wp-content\/uploads\/2021\/09\/WhatsApp-Image-2021-05-27-at-20.31.46.jpeg\" alt=\"\" width=\"597\" height=\"597\" srcset=\"https:\/\/cerdanyolach.cat\/hockey\/wp-content\/uploads\/2021\/09\/WhatsApp-Image-2021-05-27-at-20.31.46.jpeg 1600w, https:\/\/cerdanyolach.cat\/hockey\/wp-content\/uploads\/2021\/09\/WhatsApp-Image-2021-05-27-at-20.31.46-450x450.jpeg 450w, https:\/\/cerdanyolach.cat\/hockey\/wp-content\/uploads\/2021\/09\/WhatsApp-Image-2021-05-27-at-20.31.46-600x600.jpeg 600w, https:\/\/cerdanyolach.cat\/hockey\/wp-content\/uploads\/2021\/09\/WhatsApp-Image-2021-05-27-at-20.31.46-768x768.jpeg 768w, https:\/\/cerdanyolach.cat\/hockey\/wp-content\/uploads\/2021\/09\/WhatsApp-Image-2021-05-27-at-20.31.46-1536x1536.jpeg 1536w, https:\/\/cerdanyolach.cat\/hockey\/wp-content\/uploads\/2021\/09\/WhatsApp-Image-2021-05-27-at-20.31.46-750x750.jpeg 750w\" sizes=\"(max-width: 597px) 100vw, 597px\" \/><\/p>\n<p>El <strong>Cerdanyola Club d&#8217;Hoquei<\/strong> ja coneix el calendari de l&#8217;<strong><span class=\"hiddenSpellError\">Ok<\/span>\u00a0<span class=\"hiddenSpellError\">Liga<\/span>\u00a0Femenina 2021-2022<\/strong>. La competici\u00f3 torna a estar conformada en un sol grup i tindr\u00e0 Play-off pel t\u00edtol amb els primers classificats.<br \/><br \/><span class=\"hiddenGrammarError\">El Sarda<\/span>\u00a0comen\u00e7ar\u00e0 la lliga el 6 de novembre a les 20:<span class=\"hiddenGrammarError\">30h<\/span>\u00a0a la pista del\u00a0<strong><span class=\"hiddenSpellError\">CH<\/span>\u00a0Matar\u00f3<\/strong>, que ha ascendit enguany des de la lliga Nacional Catalana. El primer partit de la temporada a<strong> Can\u00a0<span class=\"hiddenSpellError\">Xarau<\/span><\/strong>\u00a0ser\u00e0 el que ens enfrontar\u00e0 al\u00a0<strong><span class=\"hiddenSpellError\">HC<\/span>\u00a0Palau de Plegamans<\/strong>, vigent campi\u00f3 de lliga, el 13 de novembre a les 20:<span class=\"hiddenGrammarError\">30h<\/span>.<br \/><br \/>La primera volta es tancar\u00e0 el 5 de febrer a <strong>Ast\u00faries<\/strong> visitant la pista del<strong>\u00a0<span class=\"hiddenSpellError\">Telecable<\/span>\u00a0<span class=\"hiddenSpellError\">HC<\/span><\/strong>. El final de la lliga regular est\u00e0 previst per al 28 de maig, quan\u00a0<span class=\"hiddenGrammarError\">el Cerdanyola<\/span>\u00a0<span class=\"hiddenSpellError\">CH<\/span>\u00a0rebr\u00e0 l&#8217;equip\u00a0<span class=\"hiddenSpellError\">astur\u00e0<\/span>.<br \/><br \/><a href=\"http:\/\/www.hockeypatines.fep.es\/league\/1752\">Consulta aqu\u00ed tot el calendari del Cerdanyola CH a l&#8217;Ok Liga.<\/a><\/p>\n","protected":false},"excerpt":{"rendered":"<p>El Cerdanyola Club d&#8217;Hoquei ja coneix el calendari de l&#8217;Ok\u00a0Liga\u00a0Femenina 2021-2022. La competici\u00f3 torna a estar conformada en un sol [&hellip;]<\/p>\n","protected":false},"author":245,"featured_media":18830,"comment_status":"closed","ping_status":"closed","sticky":true,"template":"","format":"standard","meta":{"spay_email":"","footnotes":""},"categories":[11],"tags":[],"class_list":["post-18829","post","type-post","status-publish","format-standard","has-post-thumbnail","hentry","category-primer-equip-femeni"],"jetpack_featured_media_url":"https:\/\/cerdanyolach.cat\/hockey\/wp-content\/uploads\/2021\/09\/WhatsApp-Image-2021-05-27-at-20.31.46.jpeg","_links":{"self":[{"href":"https:\/\/cerdanyolach.cat\/hockey\/wp-json\/wp\/v2\/posts\/18829","targetHints":{"allow":["GET"]}}],"collection":[{"href":"https:\/\/cerdanyolach.cat\/hockey\/wp-json\/wp\/v2\/posts"}],"about":[{"href":"https:\/\/cerdanyolach.cat\/hockey\/wp-json\/wp\/v2\/types\/post"}],"author":[{"embeddable":true,"href":"https:\/\/cerdanyolach.cat\/hockey\/wp-json\/wp\/v2\/users\/245"}],"replies":[{"embeddable":true,"href":"https:\/\/cerdanyolach.cat\/hockey\/wp-json\/wp\/v2\/comments?post=18829"}],"version-history":[{"count":2,"href":"https:\/\/cerdanyolach.cat\/hockey\/wp-json\/wp\/v2\/posts\/18829\/revisions"}],"predecessor-version":[{"id":18832,"href":"https:\/\/cerdanyolach.cat\/hockey\/wp-json\/wp\/v2\/posts\/18829\/revisions\/18832"}],"wp:featuredmedia":[{"embeddable":true,"href":"https:\/\/cerdanyolach.cat\/hockey\/wp-json\/wp\/v2\/media\/18830"}],"wp:attachment":[{"href":"https:\/\/cerdanyolach.cat\/hockey\/wp-json\/wp\/v2\/media?parent=18829"}],"wp:term":[{"taxonomy":"category","embeddable":true,"href":"https:\/\/cerdanyolach.cat\/hockey\/wp-json\/wp\/v2\/categories?post=18829"},{"taxonomy":"post_tag","embeddable":true,"href":"https:\/\/cerdanyolach.cat\/hockey\/wp-json\/wp\/v2\/tags?post=18829"}],"curies":[{"name":"wp","href":"https:\/\/api.w.org\/{rel}","templated":true}]}}