{"id":18806,"date":"2021-06-15T14:24:00","date_gmt":"2021-06-15T13:24:00","guid":{"rendered":"https:\/\/cerdanyolach.cat\/hockey\/?p=18806"},"modified":"2021-07-02T14:42:16","modified_gmt":"2021-07-02T13:42:16","slug":"bona-imatge-del-cerdanyola-ch-a-la-copa-de-la-reina","status":"publish","type":"post","link":"https:\/\/cerdanyolach.cat\/hockey\/bona-imatge-del-cerdanyola-ch-a-la-copa-de-la-reina\/","title":{"rendered":"Bona imatge del Cerdanyola CH a la Copa de la Reina"},"content":{"rendered":"\n<p>\u00a0<\/p>\n<figure id=\"attachment_18807\" aria-describedby=\"caption-attachment-18807\" style=\"width: 2560px\" class=\"wp-caption alignnone\"><img fetchpriority=\"high\" decoding=\"async\" class=\"size-full wp-image-18807\" src=\"https:\/\/cerdanyolach.cat\/hockey\/wp-content\/uploads\/2021\/07\/lv-5912-scaled.jpeg\" alt=\"\" width=\"2560\" height=\"1673\" srcset=\"https:\/\/cerdanyolach.cat\/hockey\/wp-content\/uploads\/2021\/07\/lv-5912-scaled.jpeg 2560w, https:\/\/cerdanyolach.cat\/hockey\/wp-content\/uploads\/2021\/07\/lv-5912-450x294.jpeg 450w, https:\/\/cerdanyolach.cat\/hockey\/wp-content\/uploads\/2021\/07\/lv-5912-800x523.jpeg 800w, https:\/\/cerdanyolach.cat\/hockey\/wp-content\/uploads\/2021\/07\/lv-5912-768x502.jpeg 768w, https:\/\/cerdanyolach.cat\/hockey\/wp-content\/uploads\/2021\/07\/lv-5912-1536x1004.jpeg 1536w, https:\/\/cerdanyolach.cat\/hockey\/wp-content\/uploads\/2021\/07\/lv-5912-2048x1338.jpeg 2048w, https:\/\/cerdanyolach.cat\/hockey\/wp-content\/uploads\/2021\/07\/lv-5912-750x490.jpeg 750w\" sizes=\"(max-width: 2560px) 100vw, 2560px\" \/><figcaption id=\"caption-attachment-18807\" class=\"wp-caption-text\">El Sarda disputant la Copa de la Reina a Riazor. FOTO: Luis Velasco<\/figcaption><\/figure>\n<p class=\"p1\"><span class=\"s1\">El Cerdanyola CH va batallar, per\u00f2 no va ser suficient per passar fins a la final de la Copa de la Reina a La Corunya. Les verd-i-blanques van caure 4-3 a les semifinals davant l\u2019Hoquei Club Palau de Plegamans.<\/span><\/p>\n<p class=\"p3\"><strong><span class=\"s1\">Vict\u00f2ria als quarts de final<\/span><\/strong><\/p>\n<p class=\"p1\"><span class=\"s1\">El primer equip femen\u00ed del Sarda va jugar els quarts de final de la Copa de la Reina contra el Club Pat\u00edn Las Rozas de Madrid. En un escenari emblem\u00e0tic com \u00e9s el Palacio de los Deportes de Riazor, les cerdanyolenques van guanyar 7-5 i van aconseguir bitllet per les semifinals el divendres 11 de juny. Dai Silva va obrir el marcador per les verd-i-blanques al minut 4, per\u00f2 Giulia Galeassi va fer l\u2019empat 1-1 al minut 15 i va liderar la remuntada fins a posar-se 1-3. El Cerdanyola CH igualar el marcador 3-3 abans del descans. <\/span><\/p>\n<p class=\"p1\"><span class=\"s1\">A la segona meitat, les cerdanyolenques es van posar 6-3 per davant, per\u00f2 les madrilenyes van retallar dist\u00e0ncies amb dos gols m\u00e9s. A l\u2019\u00faltim minut, Adriana Guti\u00e9rrez va sentenciar la vict\u00f2ria fent el set\u00e8 gol.<\/span><\/p>\n<p class=\"p3\"><strong><span class=\"s1\">A punt de guanyar a l\u2019 HC Palau<\/span><\/strong><\/p>\n<p class=\"p1\"><span class=\"s1\">El partit entre el Cerdanyola CH i l\u2019HC Palau de les semifinals va ser un dels m\u00e9s disputats del torneig.\u00a0<\/span><\/p>\n<p class=\"p1\"><span class=\"s1\">Aina Florenza va avan\u00e7ar les de Palau, per\u00f2 Gemma Sol\u00e9 va empatar el partit de penal al minut 17.<span class=\"Apple-converted-space\">\u00a0 <\/span>Abans del descans, una assist\u00e8ncia d\u2019Adriana Guti\u00e9rrez a Joana Xicota va posar les verd-i-blanques per davant<span class=\"Apple-converted-space\">\u00a0 <\/span>al marcador. Guti\u00e9rrez, per cert, va ser escollida com a part del \u2018Cinc ideal\u2019 de la Copa de la Reina com una de les millors jugadores del campionat.<\/span><\/p>\n<p class=\"p1\"><span class=\"s1\">A la represa, tot i un penal en contra aturat per Mariona Sur\u00f3s, el HC Palau va igualar el resultat 2-2 de falta directa. Poc despr\u00e9s, l\u2019entrenador del Cerdanyola CH, Carles Mar\u00edn, va veure la targeta blava i les verd-i-blanques van haver de jugar en inferioritat num\u00e8rica. Sur\u00f3s va aturar la falta directa de Berta Busquets, per\u00f2 Florenza va encertar una jugada d\u2019atac primer, i una falta directa m\u00e9s tard, per establir el 4-2. <\/span><\/p>\n<p class=\"p1\"><span class=\"s1\">El Cerdanyola CH va acumular m\u00e9s faltes que el rival en els minuts finals, per\u00f2 va poder retallar dist\u00e0ncies amb un gol d\u2019Adriana Guti\u00e9rrez. Finalment, la vict\u00f2ria va ser pel HC Palau.\u00a0<\/span><\/p>\n<p class=\"p3\"><strong>Adriana Guti\u00e9rrez, al 5 ideal de la Copa<\/strong><\/p>\n<p>La RFEP va escollir, a trav\u00e9s dels vots del periodistes que cobrien la Copa de la Reina, el cinc ideal de la competici\u00f3. La jugadora del Sarda, Adriana Guti\u00e9rrez, va formar part de l&#8217;equip, sent una de les millors jugadores del torneig.\u00a0<\/p>\n<p><strong><img decoding=\"async\" class=\"alignnone  wp-image-18808\" src=\"https:\/\/cerdanyolach.cat\/hockey\/wp-content\/uploads\/2021\/07\/E4BCm_BVcAM85Jd.jpeg\" alt=\"\" width=\"537\" height=\"669\" srcset=\"https:\/\/cerdanyolach.cat\/hockey\/wp-content\/uploads\/2021\/07\/E4BCm_BVcAM85Jd.jpeg 1644w, https:\/\/cerdanyolach.cat\/hockey\/wp-content\/uploads\/2021\/07\/E4BCm_BVcAM85Jd-361x450.jpeg 361w, https:\/\/cerdanyolach.cat\/hockey\/wp-content\/uploads\/2021\/07\/E4BCm_BVcAM85Jd-482x600.jpeg 482w, https:\/\/cerdanyolach.cat\/hockey\/wp-content\/uploads\/2021\/07\/E4BCm_BVcAM85Jd-768x957.jpeg 768w, https:\/\/cerdanyolach.cat\/hockey\/wp-content\/uploads\/2021\/07\/E4BCm_BVcAM85Jd-1233x1536.jpeg 1233w, https:\/\/cerdanyolach.cat\/hockey\/wp-content\/uploads\/2021\/07\/E4BCm_BVcAM85Jd-750x934.jpeg 750w\" sizes=\"(max-width: 537px) 100vw, 537px\" \/><\/strong><\/p>\n","protected":false},"excerpt":{"rendered":"<p>\u00a0 El Cerdanyola CH va batallar, per\u00f2 no va ser suficient per passar fins a la final de la Copa [&hellip;]<\/p>\n","protected":false},"author":245,"featured_media":18807,"comment_status":"closed","ping_status":"closed","sticky":true,"template":"","format":"standard","meta":{"spay_email":"","footnotes":""},"categories":[11],"tags":[],"class_list":["post-18806","post","type-post","status-publish","format-standard","has-post-thumbnail","hentry","category-primer-equip-femeni"],"jetpack_featured_media_url":"https:\/\/cerdanyolach.cat\/hockey\/wp-content\/uploads\/2021\/07\/lv-5912-scaled.jpeg","_links":{"self":[{"href":"https:\/\/cerdanyolach.cat\/hockey\/wp-json\/wp\/v2\/posts\/18806","targetHints":{"allow":["GET"]}}],"collection":[{"href":"https:\/\/cerdanyolach.cat\/hockey\/wp-json\/wp\/v2\/posts"}],"about":[{"href":"https:\/\/cerdanyolach.cat\/hockey\/wp-json\/wp\/v2\/types\/post"}],"author":[{"embeddable":true,"href":"https:\/\/cerdanyolach.cat\/hockey\/wp-json\/wp\/v2\/users\/245"}],"replies":[{"embeddable":true,"href":"https:\/\/cerdanyolach.cat\/hockey\/wp-json\/wp\/v2\/comments?post=18806"}],"version-history":[{"count":1,"href":"https:\/\/cerdanyolach.cat\/hockey\/wp-json\/wp\/v2\/posts\/18806\/revisions"}],"predecessor-version":[{"id":18809,"href":"https:\/\/cerdanyolach.cat\/hockey\/wp-json\/wp\/v2\/posts\/18806\/revisions\/18809"}],"wp:featuredmedia":[{"embeddable":true,"href":"https:\/\/cerdanyolach.cat\/hockey\/wp-json\/wp\/v2\/media\/18807"}],"wp:attachment":[{"href":"https:\/\/cerdanyolach.cat\/hockey\/wp-json\/wp\/v2\/media?parent=18806"}],"wp:term":[{"taxonomy":"category","embeddable":true,"href":"https:\/\/cerdanyolach.cat\/hockey\/wp-json\/wp\/v2\/categories?post=18806"},{"taxonomy":"post_tag","embeddable":true,"href":"https:\/\/cerdanyolach.cat\/hockey\/wp-json\/wp\/v2\/tags?post=18806"}],"curies":[{"name":"wp","href":"https:\/\/api.w.org\/{rel}","templated":true}]}}