{"id":18801,"date":"2021-05-29T19:20:00","date_gmt":"2021-05-29T18:20:00","guid":{"rendered":"https:\/\/cerdanyolach.cat\/hockey\/?p=18801"},"modified":"2021-07-02T14:42:35","modified_gmt":"2021-07-02T13:42:35","slug":"el-sarda-cau-batallant-a-la-prorroga-dels-quarts-de-final-de-leurolliga","status":"publish","type":"post","link":"https:\/\/cerdanyolach.cat\/hockey\/el-sarda-cau-batallant-a-la-prorroga-dels-quarts-de-final-de-leurolliga\/","title":{"rendered":"El &#8216;Sarda&#8217; cau batallant a la pr\u00f2rroga dels quarts de final de l&#8217;Eurolliga"},"content":{"rendered":"\n<p>\u00a0<\/p>\n<figure id=\"attachment_18802\" aria-describedby=\"caption-attachment-18802\" style=\"width: 1600px\" class=\"wp-caption alignnone\"><img fetchpriority=\"high\" decoding=\"async\" class=\"size-full wp-image-18802\" src=\"https:\/\/cerdanyolach.cat\/hockey\/wp-content\/uploads\/2021\/05\/56db3e5e-2c99-461a-ada7-a4a49c0a6e32.jpg\" alt=\"\" width=\"1600\" height=\"1600\" srcset=\"https:\/\/cerdanyolach.cat\/hockey\/wp-content\/uploads\/2021\/05\/56db3e5e-2c99-461a-ada7-a4a49c0a6e32.jpg 1600w, https:\/\/cerdanyolach.cat\/hockey\/wp-content\/uploads\/2021\/05\/56db3e5e-2c99-461a-ada7-a4a49c0a6e32-450x450.jpg 450w, https:\/\/cerdanyolach.cat\/hockey\/wp-content\/uploads\/2021\/05\/56db3e5e-2c99-461a-ada7-a4a49c0a6e32-600x600.jpg 600w, https:\/\/cerdanyolach.cat\/hockey\/wp-content\/uploads\/2021\/05\/56db3e5e-2c99-461a-ada7-a4a49c0a6e32-768x768.jpg 768w, https:\/\/cerdanyolach.cat\/hockey\/wp-content\/uploads\/2021\/05\/56db3e5e-2c99-461a-ada7-a4a49c0a6e32-1536x1536.jpg 1536w, https:\/\/cerdanyolach.cat\/hockey\/wp-content\/uploads\/2021\/05\/56db3e5e-2c99-461a-ada7-a4a49c0a6e32-750x750.jpg 750w\" sizes=\"(max-width: 1600px) 100vw, 1600px\" \/><figcaption id=\"caption-attachment-18802\" class=\"wp-caption-text\">Un instant del partit contra el CP Manlleu amb l&#8217;afici\u00f3 del Sarda de fons. FOTO: Isaac Navarra<\/figcaption><\/figure>\n<p>Un somni breu per\u00f2 intens i molt treballat. Aix\u00ed ha estat el pas del primer equip femen\u00ed per l&#8217;<strong>Eurolliga 2021<\/strong>. Les verd-i-blanques van caure als quarts de final contra el <strong>CP Manlleu<\/strong> despr\u00e9s de remuntar un marcador en contra i for\u00e7ar la pr\u00f2rroga.\u00a0<\/p>\n<p>El Sarda va perdre 4-7 a l&#8217;estrena a la Final a 8 a <strong>Palau-Solit\u00e0 i Plegamans<\/strong>. Malgrat un magn\u00edfic partit del Cerdanyola CH, la bona ofensiva del rival i la manca d&#8217;encert a bola aturada van condemnar les opcions de sentenciar el partit.\u00a0<br \/><br \/>El partit va comen\u00e7ar igualat, amb un Cerdanyola CH intens en atac i un CP Manlleu s\u00f2lid. Les verd-i-blanques van suma ocasions clares per obrir el marcador, com una falta directa aturada per Fernanda Hidalgo, portera de les osonenques. Per\u00f2 el gol no va arribar fins al minut 14 de la m\u00e0 de <strong>Joana Xicota<\/strong>, una de les jugadores clau del partit.\u00a0<\/p>\n<p>Aquest va ser l&#8217;\u00fanic gol de la primera part. La porteria del Cerdanyola CH es va mantenir a zero fins al descans gr\u00e0cies a una actuaci\u00f3 espectacular de <strong>Mariona Sur\u00f3s<\/strong> sota la porteria verd-i-blanca aturant, entre altres accions, una falta directa d&#8217;<strong>Anna\u00a0Casarramona<\/strong>.<br \/><br \/>En la segona meitat, el CP Manlleu va poder establir l&#8217;empat en els primers segons amb un gol de<strong>\u00a0Nara L\u00f3pez<\/strong>. Uns minuts despr\u00e9s, van fer doblet de gols posant el marcador 1-3. El Cerdanyola CH va recuperar el control i va tirar d&#8217;\u00e8pica per remuntar i fer suar les osonenques. Primer, van aconseguir retallar dist\u00e0ncies al minut 38, amb un gol de <strong>Maria Figuerola, <\/strong>que establia e<strong>l<\/strong> 2-3. Uns segons despr\u00e9s, Joana Xicota va tornar a apar\u00e8ixer per fer l&#8217;empat a 3 uns segons despr\u00e9s.<\/p>\n<p>En una segona part fren\u00e8tica, es comen\u00e7ava a notar el desgast f\u00edsic de les jugadores i la import\u00e0ncia de les jugades a bola aturada. <strong>Fernanda Hidalgo<\/strong> va aturar una nova falta directa del Sarda, mentre Maria d\u00edez encertava un penal que feia avan\u00e7ar-se al Manlleu.<\/p>\n<p>A pocs minuts del xiulet final, <strong>Gemma Sol\u00e9<\/strong> no va poder transformar en gol una <strong>falta directa<\/strong>, per\u00f2 <strong>Adriana Guti\u00e9rrez<\/strong> va aconseguir fer l&#8217;empat a 4. A 50 segons pel final, <strong>Dai Silva<\/strong> va tenir una oportunitat que podia ser decisiva des del punt de falta directa, per\u00f2 el bon estat de la portera rival va frustrar el gol.<br \/><br \/>El temps reglamentari es va exhaurir amb el 4-4 al marcador i es va haver de jugar una pr\u00f2rroga de dues parts de 5 minuts cadascuna. En aquest temps afegit, el CP Manlleu va estar m\u00e9s encertat i va sentenciar la vict\u00f2ria amb dos gols de Maria D\u00edez i un d&#8217;Anna Casarramona.<br \/><br \/>El Cerdanyola CH diu fins aviat a la competici\u00f3 europea d&#8217;enguany amb un regust de satisfacci\u00f3 per la feina feta. El pr\u00f2xim objectiu \u00e9s la<strong> Copa de la Reina<\/strong>, que es jugar\u00e0 del 10 al 13 de juny a La Corunya. El rival del Cerdanyola CH als quarts de final ser\u00e0 el CP Las Rozas.\u00a0<\/p>\n<p>\u00a0<\/p>\n<p><strong>Resum del partit.\u00a0<\/strong><\/p>\n<p><iframe title=\"YouTube video player\" src=\"https:\/\/www.youtube.com\/embed\/sAsGsBjE2qg\" width=\"560\" height=\"315\" frameborder=\"0\" allowfullscreen=\"allowfullscreen\"><\/iframe><\/p>\n","protected":false},"excerpt":{"rendered":"<p>\u00a0 Un somni breu per\u00f2 intens i molt treballat. Aix\u00ed ha estat el pas del primer equip femen\u00ed per l&#8217;Eurolliga [&hellip;]<\/p>\n","protected":false},"author":245,"featured_media":18802,"comment_status":"closed","ping_status":"closed","sticky":true,"template":"","format":"standard","meta":{"spay_email":"","footnotes":""},"categories":[11],"tags":[],"class_list":["post-18801","post","type-post","status-publish","format-standard","has-post-thumbnail","hentry","category-primer-equip-femeni"],"jetpack_featured_media_url":"https:\/\/cerdanyolach.cat\/hockey\/wp-content\/uploads\/2021\/05\/56db3e5e-2c99-461a-ada7-a4a49c0a6e32.jpg","_links":{"self":[{"href":"https:\/\/cerdanyolach.cat\/hockey\/wp-json\/wp\/v2\/posts\/18801","targetHints":{"allow":["GET"]}}],"collection":[{"href":"https:\/\/cerdanyolach.cat\/hockey\/wp-json\/wp\/v2\/posts"}],"about":[{"href":"https:\/\/cerdanyolach.cat\/hockey\/wp-json\/wp\/v2\/types\/post"}],"author":[{"embeddable":true,"href":"https:\/\/cerdanyolach.cat\/hockey\/wp-json\/wp\/v2\/users\/245"}],"replies":[{"embeddable":true,"href":"https:\/\/cerdanyolach.cat\/hockey\/wp-json\/wp\/v2\/comments?post=18801"}],"version-history":[{"count":2,"href":"https:\/\/cerdanyolach.cat\/hockey\/wp-json\/wp\/v2\/posts\/18801\/revisions"}],"predecessor-version":[{"id":18804,"href":"https:\/\/cerdanyolach.cat\/hockey\/wp-json\/wp\/v2\/posts\/18801\/revisions\/18804"}],"wp:featuredmedia":[{"embeddable":true,"href":"https:\/\/cerdanyolach.cat\/hockey\/wp-json\/wp\/v2\/media\/18802"}],"wp:attachment":[{"href":"https:\/\/cerdanyolach.cat\/hockey\/wp-json\/wp\/v2\/media?parent=18801"}],"wp:term":[{"taxonomy":"category","embeddable":true,"href":"https:\/\/cerdanyolach.cat\/hockey\/wp-json\/wp\/v2\/categories?post=18801"},{"taxonomy":"post_tag","embeddable":true,"href":"https:\/\/cerdanyolach.cat\/hockey\/wp-json\/wp\/v2\/tags?post=18801"}],"curies":[{"name":"wp","href":"https:\/\/api.w.org\/{rel}","templated":true}]}}