{"id":18775,"date":"2021-04-16T14:34:00","date_gmt":"2021-04-16T13:34:00","guid":{"rendered":"https:\/\/cerdanyolach.cat\/hockey\/?p=18775"},"modified":"2021-04-17T15:06:44","modified_gmt":"2021-04-17T14:06:44","slug":"els-punts-es-queden-a-vic-en-el-partit-ajornat-de-nacional-catalana-1-0","status":"publish","type":"post","link":"https:\/\/cerdanyolach.cat\/hockey\/els-punts-es-queden-a-vic-en-el-partit-ajornat-de-nacional-catalana-1-0\/","title":{"rendered":"Els punts es queden a Vic en el partit ajornat de Nacional Catalana (1-0)"},"content":{"rendered":"\n<p>\u00a0<\/p>\n<figure id=\"attachment_18776\" aria-describedby=\"caption-attachment-18776\" style=\"width: 2560px\" class=\"wp-caption alignnone\"><img fetchpriority=\"high\" decoding=\"async\" class=\"size-full wp-image-18776\" src=\"https:\/\/cerdanyolach.cat\/hockey\/wp-content\/uploads\/2021\/04\/IMG_0780-min-scaled.jpg\" alt=\"\" width=\"2560\" height=\"2560\" srcset=\"https:\/\/cerdanyolach.cat\/hockey\/wp-content\/uploads\/2021\/04\/IMG_0780-min-scaled.jpg 2560w, https:\/\/cerdanyolach.cat\/hockey\/wp-content\/uploads\/2021\/04\/IMG_0780-min-450x450.jpg 450w, https:\/\/cerdanyolach.cat\/hockey\/wp-content\/uploads\/2021\/04\/IMG_0780-min-600x600.jpg 600w, https:\/\/cerdanyolach.cat\/hockey\/wp-content\/uploads\/2021\/04\/IMG_0780-min-768x768.jpg 768w, https:\/\/cerdanyolach.cat\/hockey\/wp-content\/uploads\/2021\/04\/IMG_0780-min-1536x1536.jpg 1536w, https:\/\/cerdanyolach.cat\/hockey\/wp-content\/uploads\/2021\/04\/IMG_0780-min-2048x2048.jpg 2048w, https:\/\/cerdanyolach.cat\/hockey\/wp-content\/uploads\/2021\/04\/IMG_0780-min-750x750.jpg 750w\" sizes=\"(max-width: 2560px) 100vw, 2560px\" \/><figcaption id=\"caption-attachment-18776\" class=\"wp-caption-text\">Un instant del partit a la pista del CP Vic. FOTO: M\u00f3nica Garc\u00eda<\/figcaption><\/figure>\n<p>El primer equip mascul\u00ed no va poder sumar punts a la pista del CP Vic en la pen\u00faltima jornada de Nacional Catalana-Ok Liga Bronce. El Cerdanyola tornava a la competici\u00f3 el 15 d&#8217;abril just despr\u00e9s de cumplir la quarantena per un cas de Covid-19.\u00a0<\/p>\n<p>El Sarda no es va mostrar c\u00f2mode a la pista vigatana mentre els locals marcaven b\u00e9 la defensa i aguantaven la possessi\u00f3 de la bola. La falta d&#8217;encert va marcar un partit on el Cerdanyola CH va aconseguir fer malgrat les baixes d&#8217;Ignasi L\u00f3pez per sanci\u00f3 i Ot Planes per malaltia.<\/p>\n<p>L&#8217;empat a 0-0 es va mantenir fins a les acaballes del partit, quan Arnau Parcerisas va fer l&#8217;\u00fanic gol del partit que donava la vict\u00f2ria al CP Vic. Amb aquest resultat i pensant en la classificaci\u00f3 pel Play Off, el Cerdanyola CH est\u00e0 obligat a guanyar davant el GEiEG mentre espera que el CE Noia perdi el seu partit i EL CH Olot no guanyi.\u00a0<\/p>\n<p>Durant el partit, Kilian Torrico va rebre un cop de bola al nas i no va poder finalitzar el partit. El jugador ja ha passat les revisions pertinents i es troba b\u00e9 i recuperant-se.<\/p>\n<p>\u00a0<\/p>\n<p>\u00a0<\/p>\n<p>\u00a0<\/p>\n","protected":false},"excerpt":{"rendered":"<p>\u00a0 El primer equip mascul\u00ed no va poder sumar punts a la pista del CP Vic en la pen\u00faltima jornada [&hellip;]<\/p>\n","protected":false},"author":245,"featured_media":18776,"comment_status":"closed","ping_status":"closed","sticky":true,"template":"","format":"standard","meta":{"spay_email":"","footnotes":""},"categories":[1],"tags":[],"class_list":["post-18775","post","type-post","status-publish","format-standard","has-post-thumbnail","hentry","category-primer-equip-masculi"],"jetpack_featured_media_url":"https:\/\/cerdanyolach.cat\/hockey\/wp-content\/uploads\/2021\/04\/IMG_0780-min-scaled.jpg","_links":{"self":[{"href":"https:\/\/cerdanyolach.cat\/hockey\/wp-json\/wp\/v2\/posts\/18775","targetHints":{"allow":["GET"]}}],"collection":[{"href":"https:\/\/cerdanyolach.cat\/hockey\/wp-json\/wp\/v2\/posts"}],"about":[{"href":"https:\/\/cerdanyolach.cat\/hockey\/wp-json\/wp\/v2\/types\/post"}],"author":[{"embeddable":true,"href":"https:\/\/cerdanyolach.cat\/hockey\/wp-json\/wp\/v2\/users\/245"}],"replies":[{"embeddable":true,"href":"https:\/\/cerdanyolach.cat\/hockey\/wp-json\/wp\/v2\/comments?post=18775"}],"version-history":[{"count":1,"href":"https:\/\/cerdanyolach.cat\/hockey\/wp-json\/wp\/v2\/posts\/18775\/revisions"}],"predecessor-version":[{"id":18777,"href":"https:\/\/cerdanyolach.cat\/hockey\/wp-json\/wp\/v2\/posts\/18775\/revisions\/18777"}],"wp:featuredmedia":[{"embeddable":true,"href":"https:\/\/cerdanyolach.cat\/hockey\/wp-json\/wp\/v2\/media\/18776"}],"wp:attachment":[{"href":"https:\/\/cerdanyolach.cat\/hockey\/wp-json\/wp\/v2\/media?parent=18775"}],"wp:term":[{"taxonomy":"category","embeddable":true,"href":"https:\/\/cerdanyolach.cat\/hockey\/wp-json\/wp\/v2\/categories?post=18775"},{"taxonomy":"post_tag","embeddable":true,"href":"https:\/\/cerdanyolach.cat\/hockey\/wp-json\/wp\/v2\/tags?post=18775"}],"curies":[{"name":"wp","href":"https:\/\/api.w.org\/{rel}","templated":true}]}}