{"id":18649,"date":"2021-02-11T11:20:00","date_gmt":"2021-02-11T10:20:00","guid":{"rendered":"http:\/\/cerdanyolach.cat\/hockey\/?p=18649"},"modified":"2021-02-15T12:04:05","modified_gmt":"2021-02-15T11:04:05","slug":"el-cp-congres-trenca-la-imbatibilitat-del-nacional-catalana-3-2","status":"publish","type":"post","link":"https:\/\/cerdanyolach.cat\/hockey\/el-cp-congres-trenca-la-imbatibilitat-del-nacional-catalana-3-2\/","title":{"rendered":"El CP Congr\u00e9s trenca la imbatibilitat del Nacional Catalana (3-2)"},"content":{"rendered":"\n<figure id=\"attachment_18650\" aria-describedby=\"caption-attachment-18650\" style=\"width: 2560px\" class=\"wp-caption alignnone\"><img fetchpriority=\"high\" decoding=\"async\" class=\"size-full wp-image-18650\" src=\"https:\/\/cerdanyolach.cat\/hockey\/wp-content\/uploads\/2021\/02\/5C1B79EE-27D6-415B-875E-2C5E88ABEBF3-min-scaled.jpg\" alt=\"\" width=\"2560\" height=\"2265\" srcset=\"https:\/\/cerdanyolach.cat\/hockey\/wp-content\/uploads\/2021\/02\/5C1B79EE-27D6-415B-875E-2C5E88ABEBF3-min-scaled.jpg 2560w, https:\/\/cerdanyolach.cat\/hockey\/wp-content\/uploads\/2021\/02\/5C1B79EE-27D6-415B-875E-2C5E88ABEBF3-min-450x398.jpg 450w, https:\/\/cerdanyolach.cat\/hockey\/wp-content\/uploads\/2021\/02\/5C1B79EE-27D6-415B-875E-2C5E88ABEBF3-min-678x600.jpg 678w, https:\/\/cerdanyolach.cat\/hockey\/wp-content\/uploads\/2021\/02\/5C1B79EE-27D6-415B-875E-2C5E88ABEBF3-min-768x680.jpg 768w, https:\/\/cerdanyolach.cat\/hockey\/wp-content\/uploads\/2021\/02\/5C1B79EE-27D6-415B-875E-2C5E88ABEBF3-min-1536x1359.jpg 1536w, https:\/\/cerdanyolach.cat\/hockey\/wp-content\/uploads\/2021\/02\/5C1B79EE-27D6-415B-875E-2C5E88ABEBF3-min-2048x1812.jpg 2048w, https:\/\/cerdanyolach.cat\/hockey\/wp-content\/uploads\/2021\/02\/5C1B79EE-27D6-415B-875E-2C5E88ABEBF3-min-750x664.jpg 750w\" sizes=\"(max-width: 2560px) 100vw, 2560px\" \/><figcaption id=\"caption-attachment-18650\" class=\"wp-caption-text\">Un temps mort al Camp del Ferro durant el partit de Nacional Catalana. FOTO: M\u00f3nica Garc\u00eda Moreno<\/figcaption><\/figure>\n<p>El primer equip mascul\u00ed no va puntuar a la pista del CP Congr\u00e9s en el partit ajornat de la tercera jornada de la lliga Nacional Catalana. Els barcelonins van guanyar 3-2 en un partit molt disputat i davant un Cerdanyola CH que va lluitar fins al final.<\/p>\n<p>El Sarda va signar un inici de partit intens i marcant el ritme del partit. Els verd-i-blancs, per\u00f2, es van trobar amb problemes per desfer-se d&#8217;una forta defensa del CP Congr\u00e9s, on predominaven els marcatges individuals.<\/p>\n<p>Al minut 13, una contra iniciada per &#8216;Tato&#8217; Homet va acabar amb gol d&#8217;Arnau Gangonells, posant el Cerdanyola CH per davant al marcador. L&#8217;equip dirigit per Andi Colaianni va anar al descans guanyant 0-1 al Camp del Ferro de Sant Andreu.<\/p>\n<p>En la segona meitat, el CP Congr\u00e9s va materialitzar millor les seves opcions i van donar la volta al marcaodr gr\u00e0cies a dos contraatacs i un penal. A les acaballes del partit, el capit\u00e0 del Cerdanyola CH, Ignasi L\u00f3pez, va retallar dist\u00e0ncia marcant el 3-2 de penal, per\u00f2 no va haver-hi temps suficient per assolir la remuntada.\u00a0<\/p>\n<p>El Cerdanyola CH continua en la part alta de la classificaci\u00f3 amb 6 punts. El pr\u00f2xim rival ser\u00e0 el HC Piera, que visitar\u00e0 Can Xarau el dimecres 17 de febrer a les 21h.<\/p>\n<p><iframe src=\"https:\/\/www.youtube.com\/embed\/eFRGqR9kRgM\" width=\"560\" height=\"315\" frameborder=\"0\" allowfullscreen=\"allowfullscreen\"><\/iframe> <iframe src=\"https:\/\/www.youtube.com\/embed\/z4y8N9OXyo8\" width=\"560\" height=\"315\" frameborder=\"0\" allowfullscreen=\"allowfullscreen\"><\/iframe><\/p>\n","protected":false},"excerpt":{"rendered":"<p>El primer equip mascul\u00ed no va puntuar a la pista del CP Congr\u00e9s en el partit ajornat de la tercera [&hellip;]<\/p>\n","protected":false},"author":245,"featured_media":18650,"comment_status":"closed","ping_status":"closed","sticky":true,"template":"","format":"standard","meta":{"spay_email":"","footnotes":""},"categories":[1],"tags":[],"class_list":["post-18649","post","type-post","status-publish","format-standard","has-post-thumbnail","hentry","category-primer-equip-masculi"],"jetpack_featured_media_url":"https:\/\/cerdanyolach.cat\/hockey\/wp-content\/uploads\/2021\/02\/5C1B79EE-27D6-415B-875E-2C5E88ABEBF3-min-scaled.jpg","_links":{"self":[{"href":"https:\/\/cerdanyolach.cat\/hockey\/wp-json\/wp\/v2\/posts\/18649","targetHints":{"allow":["GET"]}}],"collection":[{"href":"https:\/\/cerdanyolach.cat\/hockey\/wp-json\/wp\/v2\/posts"}],"about":[{"href":"https:\/\/cerdanyolach.cat\/hockey\/wp-json\/wp\/v2\/types\/post"}],"author":[{"embeddable":true,"href":"https:\/\/cerdanyolach.cat\/hockey\/wp-json\/wp\/v2\/users\/245"}],"replies":[{"embeddable":true,"href":"https:\/\/cerdanyolach.cat\/hockey\/wp-json\/wp\/v2\/comments?post=18649"}],"version-history":[{"count":2,"href":"https:\/\/cerdanyolach.cat\/hockey\/wp-json\/wp\/v2\/posts\/18649\/revisions"}],"predecessor-version":[{"id":18653,"href":"https:\/\/cerdanyolach.cat\/hockey\/wp-json\/wp\/v2\/posts\/18649\/revisions\/18653"}],"wp:featuredmedia":[{"embeddable":true,"href":"https:\/\/cerdanyolach.cat\/hockey\/wp-json\/wp\/v2\/media\/18650"}],"wp:attachment":[{"href":"https:\/\/cerdanyolach.cat\/hockey\/wp-json\/wp\/v2\/media?parent=18649"}],"wp:term":[{"taxonomy":"category","embeddable":true,"href":"https:\/\/cerdanyolach.cat\/hockey\/wp-json\/wp\/v2\/categories?post=18649"},{"taxonomy":"post_tag","embeddable":true,"href":"https:\/\/cerdanyolach.cat\/hockey\/wp-json\/wp\/v2\/tags?post=18649"}],"curies":[{"name":"wp","href":"https:\/\/api.w.org\/{rel}","templated":true}]}}