{"id":18633,"date":"2021-02-07T17:00:42","date_gmt":"2021-02-07T16:00:42","guid":{"rendered":"http:\/\/cerdanyolach.cat\/hockey\/?p=18633"},"modified":"2021-02-07T17:00:42","modified_gmt":"2021-02-07T16:00:42","slug":"victoria-contundent-en-el-retorn-de-la-nacional-catalana-1-9","status":"publish","type":"post","link":"https:\/\/cerdanyolach.cat\/hockey\/victoria-contundent-en-el-retorn-de-la-nacional-catalana-1-9\/","title":{"rendered":"Vict\u00f2ria contundent en el retorn de la Nacional Catalana (1-9)"},"content":{"rendered":"\n<figure id=\"attachment_18635\" aria-describedby=\"caption-attachment-18635\" style=\"width: 2560px\" class=\"wp-caption alignnone\"><img fetchpriority=\"high\" decoding=\"async\" class=\"wp-image-18635 size-full\" src=\"https:\/\/cerdanyolach.cat\/hockey\/wp-content\/uploads\/2021\/02\/IMG_9304-min-1-scaled.jpg\" alt=\"\" width=\"2560\" height=\"1887\" srcset=\"https:\/\/cerdanyolach.cat\/hockey\/wp-content\/uploads\/2021\/02\/IMG_9304-min-1-scaled.jpg 2560w, https:\/\/cerdanyolach.cat\/hockey\/wp-content\/uploads\/2021\/02\/IMG_9304-min-1-450x332.jpg 450w, https:\/\/cerdanyolach.cat\/hockey\/wp-content\/uploads\/2021\/02\/IMG_9304-min-1-800x590.jpg 800w, https:\/\/cerdanyolach.cat\/hockey\/wp-content\/uploads\/2021\/02\/IMG_9304-min-1-768x566.jpg 768w, https:\/\/cerdanyolach.cat\/hockey\/wp-content\/uploads\/2021\/02\/IMG_9304-min-1-1536x1132.jpg 1536w, https:\/\/cerdanyolach.cat\/hockey\/wp-content\/uploads\/2021\/02\/IMG_9304-min-1-2048x1510.jpg 2048w, https:\/\/cerdanyolach.cat\/hockey\/wp-content\/uploads\/2021\/02\/IMG_9304-min-1-750x553.jpg 750w\" sizes=\"(max-width: 2560px) 100vw, 2560px\" \/><figcaption id=\"caption-attachment-18635\" class=\"wp-caption-text\">Celebraci\u00f3 d&#8217;un dels gols d&#8217;Ignasi L\u00f3pez davant el CE Noia B. FOTO: M\u00f3nica Garc\u00eda<\/figcaption><\/figure>\n<p><br \/>El primer equip mascul\u00ed va celebrar un total de nou gols en el seu retorn a la competici\u00f3 davant\u00a0el<strong> CE\u00a0Noia B<\/strong>. El conjunt de <strong>Nacional Catalana<\/strong> va dominar des del primer minut de partit i no va deixar opcions al rival.<br \/><br \/>La intensitat del partit va ser alta des del principi, per\u00f2 l&#8217;equip dirigit per\u00a0<strong>Andi\u00a0Colaianni<\/strong>\u00a0va aguantar el ritme durant els 50 minuts i no va trigar\u00a0en\u00a0fer-se amb\u00a0el control del partit. El capit\u00e0\u00a0del Sarda, <strong>Ignasi L\u00f3pez<\/strong>, va signar 6 dels 9 gols\u00a0dels verd-i-blancs. El primer, va\u00a0arribar des del punt de penal al minut cinc de partit.<br \/><br \/>Abans del descans, L\u00f3pez va fer dos gols m\u00e9s i\u00a0el Cerdanyola\u00a0CH\u00a0va marxar al vestidor amb un avantatge de 0-3. Durant la primera meitat, tamb\u00e9 es va veure un\u00a0providencial\u00a0<strong>Baptiste\u00a0Bonneau<\/strong>\u00a0defensant els tres pals\u00a0del Sarda.<br \/><br \/>En la segona meitat, el domini\u00a0dels verd-i-blancs va ser molt m\u00e9s clar. Un inspirat Ignasi L\u00f3pez va fer tres gols m\u00e9s, i amb l&#8217;ajuda de dos gols d&#8217;<strong>Arnau\u00a0Gangonells\u00a0<\/strong>i un de <strong>Joan\u00a0Gangonells<\/strong>,\u00a0el Sarda\u00a0es va imposar 0-9. A les acaballes del partit,\u00a0el CE\u00a0Noia B va fer el seu \u00fanic gol del partit, establint l&#8217;1-9 definitiu.<br \/><br \/>Un fet a destacar del partit\u00a0del Cerdanyola\u00a0CH\u00a0\u00e9s la participaci\u00f3 de tots els jugadors que es van despla\u00e7ar fins a <strong>Calafell<\/strong>. A m\u00e9s dels jugadors de pista, el porter <strong>V\u00edctor\u00a0Iranzo<\/strong>\u00a0tamb\u00e9 va sortir a pista debutant a la lliga Nacional Catalana.<br \/><br \/>Amb aquest resultat,\u00a0el Cerdanyola\u00a0CH\u00a0es col\u00b7loca primer del Grup B amb 6 punts. El pr\u00f2xim partit ser\u00e0 el dimecres 10 de febrer a la pista del\u00a0<strong>CP\u00a0Congr\u00e9s<\/strong>.<\/p>\n","protected":false},"excerpt":{"rendered":"<p>El primer equip mascul\u00ed va celebrar un total de nou gols en el seu retorn a la competici\u00f3 davant\u00a0el CE\u00a0Noia [&hellip;]<\/p>\n","protected":false},"author":245,"featured_media":18635,"comment_status":"closed","ping_status":"closed","sticky":true,"template":"","format":"standard","meta":{"spay_email":"","footnotes":""},"categories":[1],"tags":[],"class_list":["post-18633","post","type-post","status-publish","format-standard","has-post-thumbnail","hentry","category-primer-equip-masculi"],"jetpack_featured_media_url":"https:\/\/cerdanyolach.cat\/hockey\/wp-content\/uploads\/2021\/02\/IMG_9304-min-1-scaled.jpg","_links":{"self":[{"href":"https:\/\/cerdanyolach.cat\/hockey\/wp-json\/wp\/v2\/posts\/18633","targetHints":{"allow":["GET"]}}],"collection":[{"href":"https:\/\/cerdanyolach.cat\/hockey\/wp-json\/wp\/v2\/posts"}],"about":[{"href":"https:\/\/cerdanyolach.cat\/hockey\/wp-json\/wp\/v2\/types\/post"}],"author":[{"embeddable":true,"href":"https:\/\/cerdanyolach.cat\/hockey\/wp-json\/wp\/v2\/users\/245"}],"replies":[{"embeddable":true,"href":"https:\/\/cerdanyolach.cat\/hockey\/wp-json\/wp\/v2\/comments?post=18633"}],"version-history":[{"count":1,"href":"https:\/\/cerdanyolach.cat\/hockey\/wp-json\/wp\/v2\/posts\/18633\/revisions"}],"predecessor-version":[{"id":18636,"href":"https:\/\/cerdanyolach.cat\/hockey\/wp-json\/wp\/v2\/posts\/18633\/revisions\/18636"}],"wp:featuredmedia":[{"embeddable":true,"href":"https:\/\/cerdanyolach.cat\/hockey\/wp-json\/wp\/v2\/media\/18635"}],"wp:attachment":[{"href":"https:\/\/cerdanyolach.cat\/hockey\/wp-json\/wp\/v2\/media?parent=18633"}],"wp:term":[{"taxonomy":"category","embeddable":true,"href":"https:\/\/cerdanyolach.cat\/hockey\/wp-json\/wp\/v2\/categories?post=18633"},{"taxonomy":"post_tag","embeddable":true,"href":"https:\/\/cerdanyolach.cat\/hockey\/wp-json\/wp\/v2\/tags?post=18633"}],"curies":[{"name":"wp","href":"https:\/\/api.w.org\/{rel}","templated":true}]}}