{"id":18606,"date":"2021-01-08T23:30:39","date_gmt":"2021-01-08T22:30:39","guid":{"rendered":"http:\/\/cerdanyolach.cat\/hockey\/?p=18606"},"modified":"2021-01-08T23:50:56","modified_gmt":"2021-01-08T22:50:56","slug":"ens-adaptem-i-reivindiquem-la-importancia-de-lesport","status":"publish","type":"post","link":"https:\/\/cerdanyolach.cat\/hockey\/ens-adaptem-i-reivindiquem-la-importancia-de-lesport\/","title":{"rendered":"Ens adaptem i reivindiquem la import\u00e0ncia de l&#8217;esport"},"content":{"rendered":"\n<figure id=\"attachment_18607\" aria-describedby=\"caption-attachment-18607\" style=\"width: 2560px\" class=\"wp-caption alignnone\"><img fetchpriority=\"high\" decoding=\"async\" class=\"size-full wp-image-18607\" src=\"https:\/\/cerdanyolach.cat\/hockey\/wp-content\/uploads\/2021\/01\/PC234340-min-scaled-e1610144949468.jpg\" alt=\"\" width=\"2560\" height=\"2028\" srcset=\"https:\/\/cerdanyolach.cat\/hockey\/wp-content\/uploads\/2021\/01\/PC234340-min-scaled-e1610144949468.jpg 2560w, https:\/\/cerdanyolach.cat\/hockey\/wp-content\/uploads\/2021\/01\/PC234340-min-scaled-e1610144949468-450x356.jpg 450w, https:\/\/cerdanyolach.cat\/hockey\/wp-content\/uploads\/2021\/01\/PC234340-min-scaled-e1610144949468-757x600.jpg 757w, https:\/\/cerdanyolach.cat\/hockey\/wp-content\/uploads\/2021\/01\/PC234340-min-scaled-e1610144949468-768x608.jpg 768w, https:\/\/cerdanyolach.cat\/hockey\/wp-content\/uploads\/2021\/01\/PC234340-min-scaled-e1610144949468-1536x1217.jpg 1536w, https:\/\/cerdanyolach.cat\/hockey\/wp-content\/uploads\/2021\/01\/PC234340-min-scaled-e1610144949468-2048x1622.jpg 2048w, https:\/\/cerdanyolach.cat\/hockey\/wp-content\/uploads\/2021\/01\/PC234340-min-scaled-e1610144949468-750x594.jpg 750w\" sizes=\"(max-width: 2560px) 100vw, 2560px\" \/><figcaption id=\"caption-attachment-18607\" class=\"wp-caption-text\">Un entrenament a la pista de la Boina. FOTO: M\u00f3nica Garc\u00eda<\/figcaption><\/figure>\n<p>Des del<strong> Cerdanyola Club d&#8217;Hoquei<\/strong> ens hem adaptat a les noves restriccions del Procicat davant l&#8217;evoluci\u00f3 de la pand\u00e8mia de la <strong>Covid-19<\/strong>. Aquesta setmana, els entrenaments s&#8217;han traslladat a les<strong> pistes exteriors<\/strong> de Can\u00a0<span class=\"hiddenSpellError\">Xarau<\/span>, on est\u00e0 permesa la pr\u00e0ctica esportiva.<br \/><br \/>Mentre les competicions segueixen aturades, volem mantenir l&#8217;activitat\u00a0<span class=\"hiddenGrammarError\">del Cerdanyola<\/span>\u00a0<span class=\"hiddenSpellError\">CH<\/span>\u00a0i garantir que els nostres esportistes poden seguir practicant esport i estant en contacte amb els seus equips. Malauradament, la pand\u00e8mia empitjora i les restriccions ens han obligat ha readaptat l&#8217;organitzaci\u00f3 dels <strong>entrenaments<\/strong> i a perdre els esportistes que viuen fora de Cerdanyola del Vall\u00e8s.<br \/><br \/>Els <strong>equips t\u00e8cnics i de coordinaci\u00f3<\/strong> del club han dedicat molts esfor\u00e7os per causar el m\u00ednim impacte en els entrenaments, tenint en compte la reestructuraci\u00f3 dels equips i el trasllat de tota l&#8217;activitat a les pistes exteriors. L&#8217;objectiu s&#8217;ha aconseguit i podem garantir totes les <strong>mesures de seguretat<\/strong>: <strong>grups bombolla<\/strong> tancats, \u00fas de <strong>mascareta<\/strong>, presa de <strong>temperatura<\/strong>, refor\u00e7 de la <strong>neteja<\/strong> i <strong>dist\u00e0ncia<\/strong> f\u00edsica entre els grups.\u00a0<br \/><br \/><br \/><strong>L&#8217;esport tamb\u00e9 \u00e9s salut<\/strong><br \/><br \/>Aquest 9 de gener, la plataforma <strong>&#8216;Ja n&#8217;hi ha prou&#8217;<\/strong> ha convocat concentracions per protestar per les afectacions que les restriccions estan tenint en l&#8217;esport de base i amateur. Des\u00a0<span class=\"hiddenGrammarError\">del Cerdanyola<\/span>\u00a0<span class=\"hiddenSpellError\">CH<\/span> ens adherim a la reivindicaci\u00f3, per\u00f2 no creiem convenient fer mobilitzacions d&#8217;aquest tipus tenint en compte la delicada situaci\u00f3 sanit\u00e0ria que vivim. Tot i aix\u00f2, entenem que tothom pot exercir el seu dret a manifestaci\u00f3 a t\u00edtol propi.<br \/><br \/>La <strong>salut<\/strong> dels esportistes i membres\u00a0<span class=\"hiddenGrammarError\">del Cerdanyola<\/span>\u00a0<span class=\"hiddenSpellError\">CH<\/span>\u00a0\u00e9s la nostra <strong>prioritat<\/strong>. Per aquest motiu, no hem deixat d&#8217;aplicar totes les mesures de seguretat que les autoritats han demanat i hem aconseguit no tenir focus de contagis.\u00a0<br \/><br \/>Entenem perfectament la necessitat de prendre mesures per frenar la pand\u00e8mia, per\u00f2 considerem que el Govern hauria de tenir m\u00e9s en compte els esfor\u00e7os que est\u00e0 fent el m\u00f3n de l&#8217;esport, i la <strong>fr\u00e0gil situaci\u00f3 econ\u00f2mica<\/strong> d&#8217;un sector que ja estava tocat abans de la pand\u00e8mia.\u00a0<br \/><br \/>Volem veure que el Govern dona suport real a l&#8217;esport. <br \/>Volem que els clubs no morin i que els nens i nenes puguin seguir practicant esport. <br \/>Volem jugar amb seguretat perqu\u00e8 la salut \u00e9s la nostra prioritat. <br \/>Volem que s&#8217;entengui que l&#8217;esport tamb\u00e9 \u00e9s salut.<\/p>\n","protected":false},"excerpt":{"rendered":"<p>Des del Cerdanyola Club d&#8217;Hoquei ens hem adaptat a les noves restriccions del Procicat davant l&#8217;evoluci\u00f3 de la pand\u00e8mia de [&hellip;]<\/p>\n","protected":false},"author":1,"featured_media":18607,"comment_status":"closed","ping_status":"closed","sticky":true,"template":"","format":"standard","meta":{"spay_email":"","footnotes":""},"categories":[18],"tags":[],"class_list":["post-18606","post","type-post","status-publish","format-standard","has-post-thumbnail","hentry","category-club"],"jetpack_featured_media_url":"https:\/\/cerdanyolach.cat\/hockey\/wp-content\/uploads\/2021\/01\/PC234340-min-scaled-e1610144949468.jpg","_links":{"self":[{"href":"https:\/\/cerdanyolach.cat\/hockey\/wp-json\/wp\/v2\/posts\/18606","targetHints":{"allow":["GET"]}}],"collection":[{"href":"https:\/\/cerdanyolach.cat\/hockey\/wp-json\/wp\/v2\/posts"}],"about":[{"href":"https:\/\/cerdanyolach.cat\/hockey\/wp-json\/wp\/v2\/types\/post"}],"author":[{"embeddable":true,"href":"https:\/\/cerdanyolach.cat\/hockey\/wp-json\/wp\/v2\/users\/1"}],"replies":[{"embeddable":true,"href":"https:\/\/cerdanyolach.cat\/hockey\/wp-json\/wp\/v2\/comments?post=18606"}],"version-history":[{"count":2,"href":"https:\/\/cerdanyolach.cat\/hockey\/wp-json\/wp\/v2\/posts\/18606\/revisions"}],"predecessor-version":[{"id":18609,"href":"https:\/\/cerdanyolach.cat\/hockey\/wp-json\/wp\/v2\/posts\/18606\/revisions\/18609"}],"wp:featuredmedia":[{"embeddable":true,"href":"https:\/\/cerdanyolach.cat\/hockey\/wp-json\/wp\/v2\/media\/18607"}],"wp:attachment":[{"href":"https:\/\/cerdanyolach.cat\/hockey\/wp-json\/wp\/v2\/media?parent=18606"}],"wp:term":[{"taxonomy":"category","embeddable":true,"href":"https:\/\/cerdanyolach.cat\/hockey\/wp-json\/wp\/v2\/categories?post=18606"},{"taxonomy":"post_tag","embeddable":true,"href":"https:\/\/cerdanyolach.cat\/hockey\/wp-json\/wp\/v2\/tags?post=18606"}],"curies":[{"name":"wp","href":"https:\/\/api.w.org\/{rel}","templated":true}]}}