{"id":18505,"date":"2020-05-18T15:54:00","date_gmt":"2020-05-18T14:54:00","guid":{"rendered":"http:\/\/cerdanyolach.cat\/hockey\/?p=18505"},"modified":"2020-06-04T17:52:36","modified_gmt":"2020-06-04T16:52:36","slug":"david-mateu-es-el-nou-coordinador-de-la-base-femenina","status":"publish","type":"post","link":"https:\/\/cerdanyolach.cat\/hockey\/david-mateu-es-el-nou-coordinador-de-la-base-femenina\/","title":{"rendered":"David Mateu \u00e9s el nou coordinador de la base femenina"},"content":{"rendered":"\n<p class=\"p1\"><span class=\"s1\">David Mateu assumeix la tasca de coordinador de la base femenina del Cerdanyola CH. <\/span><\/p>\n<p class=\"p1\"><span class=\"s1\">L\u2019entrenador barcelon\u00ed \u00e9s l\u2019actual entrenador del Fem11 del Club (que passar\u00e0 a ser Fem13 la pr\u00f2xima temporada) i \u00e9s el segon entrenador de l\u2019equip d\u2019Ok Lliga. <\/span><\/p>\n<p class=\"p1\"><span class=\"s1\">Anteriorment, Mateu tamb\u00e9 havia dirigit altres equips de la base verd-i-blanca i t\u00e9 una \u00e0mplia experi\u00e8ncia en l\u2019\u00e0mbit de la coordinaci\u00f3 esportiva. <\/span><\/p>\n<p class=\"p1\"><span class=\"s1\">Sort i encerts, David!<\/span><\/p>\n<p><img fetchpriority=\"high\" decoding=\"async\" class=\"alignnone size-full wp-image-18506\" src=\"https:\/\/cerdanyolach.cat\/hockey\/wp-content\/uploads\/2020\/06\/WhatsApp-Image-2020-05-19-at-13.39.08.jpeg\" alt=\"\" width=\"768\" height=\"1024\" srcset=\"https:\/\/cerdanyolach.cat\/hockey\/wp-content\/uploads\/2020\/06\/WhatsApp-Image-2020-05-19-at-13.39.08.jpeg 768w, https:\/\/cerdanyolach.cat\/hockey\/wp-content\/uploads\/2020\/06\/WhatsApp-Image-2020-05-19-at-13.39.08-338x450.jpeg 338w, https:\/\/cerdanyolach.cat\/hockey\/wp-content\/uploads\/2020\/06\/WhatsApp-Image-2020-05-19-at-13.39.08-450x600.jpeg 450w, https:\/\/cerdanyolach.cat\/hockey\/wp-content\/uploads\/2020\/06\/WhatsApp-Image-2020-05-19-at-13.39.08-750x1000.jpeg 750w\" sizes=\"(max-width: 768px) 100vw, 768px\" \/><\/p>\n","protected":false},"excerpt":{"rendered":"<p>David Mateu assumeix la tasca de coordinador de la base femenina del Cerdanyola CH. L\u2019entrenador barcelon\u00ed \u00e9s l\u2019actual entrenador del [&hellip;]<\/p>\n","protected":false},"author":1,"featured_media":18506,"comment_status":"closed","ping_status":"closed","sticky":true,"template":"","format":"standard","meta":{"spay_email":"","footnotes":""},"categories":[18,4],"tags":[],"class_list":["post-18505","post","type-post","status-publish","format-standard","has-post-thumbnail","hentry","category-club","category-hoquei-base"],"jetpack_featured_media_url":"https:\/\/cerdanyolach.cat\/hockey\/wp-content\/uploads\/2020\/06\/WhatsApp-Image-2020-05-19-at-13.39.08.jpeg","_links":{"self":[{"href":"https:\/\/cerdanyolach.cat\/hockey\/wp-json\/wp\/v2\/posts\/18505","targetHints":{"allow":["GET"]}}],"collection":[{"href":"https:\/\/cerdanyolach.cat\/hockey\/wp-json\/wp\/v2\/posts"}],"about":[{"href":"https:\/\/cerdanyolach.cat\/hockey\/wp-json\/wp\/v2\/types\/post"}],"author":[{"embeddable":true,"href":"https:\/\/cerdanyolach.cat\/hockey\/wp-json\/wp\/v2\/users\/1"}],"replies":[{"embeddable":true,"href":"https:\/\/cerdanyolach.cat\/hockey\/wp-json\/wp\/v2\/comments?post=18505"}],"version-history":[{"count":2,"href":"https:\/\/cerdanyolach.cat\/hockey\/wp-json\/wp\/v2\/posts\/18505\/revisions"}],"predecessor-version":[{"id":18508,"href":"https:\/\/cerdanyolach.cat\/hockey\/wp-json\/wp\/v2\/posts\/18505\/revisions\/18508"}],"wp:featuredmedia":[{"embeddable":true,"href":"https:\/\/cerdanyolach.cat\/hockey\/wp-json\/wp\/v2\/media\/18506"}],"wp:attachment":[{"href":"https:\/\/cerdanyolach.cat\/hockey\/wp-json\/wp\/v2\/media?parent=18505"}],"wp:term":[{"taxonomy":"category","embeddable":true,"href":"https:\/\/cerdanyolach.cat\/hockey\/wp-json\/wp\/v2\/categories?post=18505"},{"taxonomy":"post_tag","embeddable":true,"href":"https:\/\/cerdanyolach.cat\/hockey\/wp-json\/wp\/v2\/tags?post=18505"}],"curies":[{"name":"wp","href":"https:\/\/api.w.org\/{rel}","templated":true}]}}