{"id":18494,"date":"2020-05-16T10:11:40","date_gmt":"2020-05-16T09:11:40","guid":{"rendered":"http:\/\/cerdanyolach.cat\/hockey\/?p=18494"},"modified":"2020-05-16T10:29:19","modified_gmt":"2020-05-16T09:29:19","slug":"emilio-borregan-sacomiada-del-cerdanyola-ch","status":"publish","type":"post","link":"https:\/\/cerdanyolach.cat\/hockey\/emilio-borregan-sacomiada-del-cerdanyola-ch\/","title":{"rendered":"Emilio Borreg\u00e1n s&#8217;acomiada del Cerdanyola CH"},"content":{"rendered":"\n<figure id=\"attachment_18495\" aria-describedby=\"caption-attachment-18495\" style=\"width: 1362px\" class=\"wp-caption alignnone\"><img fetchpriority=\"high\" decoding=\"async\" class=\"size-full wp-image-18495\" src=\"https:\/\/cerdanyolach.cat\/hockey\/wp-content\/uploads\/2020\/05\/Cerdanyola-HC-SP-vs-CH-Mataro-SP35.jpg\" alt=\"\" width=\"1362\" height=\"856\" srcset=\"https:\/\/cerdanyolach.cat\/hockey\/wp-content\/uploads\/2020\/05\/Cerdanyola-HC-SP-vs-CH-Mataro-SP35.jpg 1362w, https:\/\/cerdanyolach.cat\/hockey\/wp-content\/uploads\/2020\/05\/Cerdanyola-HC-SP-vs-CH-Mataro-SP35-450x283.jpg 450w, https:\/\/cerdanyolach.cat\/hockey\/wp-content\/uploads\/2020\/05\/Cerdanyola-HC-SP-vs-CH-Mataro-SP35-800x503.jpg 800w, https:\/\/cerdanyolach.cat\/hockey\/wp-content\/uploads\/2020\/05\/Cerdanyola-HC-SP-vs-CH-Mataro-SP35-768x483.jpg 768w, https:\/\/cerdanyolach.cat\/hockey\/wp-content\/uploads\/2020\/05\/Cerdanyola-HC-SP-vs-CH-Mataro-SP35-750x471.jpg 750w\" sizes=\"(max-width: 1362px) 100vw, 1362px\" \/><figcaption id=\"caption-attachment-18495\" class=\"wp-caption-text\"><em>Emilio Borregan entrenant el Fem17. Autor: World Skate Europe<\/em><\/figcaption><\/figure>\n<p align=\"JUSTIFY\">Emilio\u00a0 Borreg\u00e1n\u00a0 ha decidit finalitzar la seva etapa al Cerdanyola CH despr\u00e9s de d\u00e8cades\u00a0 vinculat\u00a0 al club. Actualment,\u00a0 Borreg\u00e1n\u00a0 exercia de coordinador i entrenador de la base femenina\u00a0 del Cerdanyola\u00a0 CH.<\/p>\n<p align=\"JUSTIFY\">La traject\u00f2ria d&#8217;Emilio\u00a0 Borreg\u00e1n\u00a0 en el m\u00f3n de l&#8217;hoquei patins est\u00e0 estretament lligada\u00a0 al Cerdanyola\u00a0 CH. Aqu\u00ed va comen\u00e7ar a competir i despr\u00e9s de la seva etapa com a jugador, es va convertir en entrenador del club. Va entrenar equips masculins fins que l&#8217;any 2009 va passar a dirigir el primer equip femen\u00ed del club, convertint-se en una pe\u00e7a fonamental per l&#8217;impuls de la secci\u00f3 femenina.\u00a0\u00a0<\/p>\n<p align=\"JUSTIFY\">El Cerdanyola\u00a0 CH\u00a0 no oblidar\u00e0 els moments viscuts amb el t\u00e8cnic cerdanyolenc i es recordaran, especialment, els \u00e8xits que ha assolit defensant els colors\u00a0 verd-i-blancs des de la banqueta. L&#8217;any 2010, va fer hist\u00f2ria portant el primer equip femen\u00ed a aconseguir el doblet de t\u00edtols de l&#8217;Ok\u00a0 Lliga i la Copa de la Reina. Tampoc s&#8217;oblidar\u00e0 el pas hist\u00f2ric per la Copa d&#8217;Europa.<\/p>\n<p align=\"JUSTIFY\">Tamb\u00e9 suma \u00e8xits amb els equips de la base del club que ens deixen records inoblidables. L&#8217;any 2018 va portar l&#8217;equip\u00a0 Fem17 a guanyar la Copa d&#8217;Europa\u00a0 Sub-17 disputada al pavell\u00f3 de Can\u00a0 Xarau. Abans, havia assolit subcampionats de Catalunya i d&#8217;Espanya ajudant, aix\u00ed, a impulsar l&#8217;hoquei femen\u00ed a Cerdanyola i arreu.\u00a0<\/p>\n<p align=\"JUSTIFY\">Emilio Borreg\u00e1n deixa el Cerdanyola CH per motius personals i envia un missatge d&#8217;agra\u00efment al club: <em>&#8220;Agreixo l&#8217;oportunitat al club. Mai se sap si hi haur\u00e0 una segona etapa&#8221;.<\/em><\/p>\n<p align=\"JUSTIFY\"><em>&#8220;He passat molts anys treballant al costat de l&#8217;Emilio i ha estat un plaer compartir tants moments en moltes facetes&#8221;,<\/em> destaca el president\u00a0 del Cerdanyola CH, Mario N\u00fa\u00f1ez. Tant el president com el club agraeixen la professionalitat, el comprom\u00eds i la feina feta per Borreg\u00e1n, i esperen que aquest comiat no sigui un ad\u00e9u <em>&#8220;sin\u00f3 un fins despr\u00e9s&#8221;.<\/em><\/p>\n<p>Gr\u00e0cies per tot i sort, Emilio.<\/p>\n<p><img decoding=\"async\" class=\"alignnone size-full wp-image-18497\" src=\"https:\/\/cerdanyolach.cat\/hockey\/wp-content\/uploads\/2020\/05\/29028157_1780232548696049_8883507138668789760_o.jpg\" alt=\"\" width=\"1880\" height=\"1250\" srcset=\"https:\/\/cerdanyolach.cat\/hockey\/wp-content\/uploads\/2020\/05\/29028157_1780232548696049_8883507138668789760_o.jpg 1880w, https:\/\/cerdanyolach.cat\/hockey\/wp-content\/uploads\/2020\/05\/29028157_1780232548696049_8883507138668789760_o-450x299.jpg 450w, https:\/\/cerdanyolach.cat\/hockey\/wp-content\/uploads\/2020\/05\/29028157_1780232548696049_8883507138668789760_o-800x532.jpg 800w, https:\/\/cerdanyolach.cat\/hockey\/wp-content\/uploads\/2020\/05\/29028157_1780232548696049_8883507138668789760_o-150x100.jpg 150w, https:\/\/cerdanyolach.cat\/hockey\/wp-content\/uploads\/2020\/05\/29028157_1780232548696049_8883507138668789760_o-768x511.jpg 768w, https:\/\/cerdanyolach.cat\/hockey\/wp-content\/uploads\/2020\/05\/29028157_1780232548696049_8883507138668789760_o-1536x1021.jpg 1536w, https:\/\/cerdanyolach.cat\/hockey\/wp-content\/uploads\/2020\/05\/29028157_1780232548696049_8883507138668789760_o-750x499.jpg 750w\" sizes=\"(max-width: 1880px) 100vw, 1880px\" \/><\/p>\n<p><img decoding=\"async\" class=\"alignnone size-full wp-image-18496\" src=\"https:\/\/cerdanyolach.cat\/hockey\/wp-content\/uploads\/2020\/05\/86975394_2945726222146670_599712275019857920_o.jpg\" alt=\"\" width=\"1880\" height=\"1250\" srcset=\"https:\/\/cerdanyolach.cat\/hockey\/wp-content\/uploads\/2020\/05\/86975394_2945726222146670_599712275019857920_o.jpg 1880w, https:\/\/cerdanyolach.cat\/hockey\/wp-content\/uploads\/2020\/05\/86975394_2945726222146670_599712275019857920_o-450x299.jpg 450w, https:\/\/cerdanyolach.cat\/hockey\/wp-content\/uploads\/2020\/05\/86975394_2945726222146670_599712275019857920_o-800x532.jpg 800w, https:\/\/cerdanyolach.cat\/hockey\/wp-content\/uploads\/2020\/05\/86975394_2945726222146670_599712275019857920_o-150x100.jpg 150w, https:\/\/cerdanyolach.cat\/hockey\/wp-content\/uploads\/2020\/05\/86975394_2945726222146670_599712275019857920_o-768x511.jpg 768w, https:\/\/cerdanyolach.cat\/hockey\/wp-content\/uploads\/2020\/05\/86975394_2945726222146670_599712275019857920_o-1536x1021.jpg 1536w, https:\/\/cerdanyolach.cat\/hockey\/wp-content\/uploads\/2020\/05\/86975394_2945726222146670_599712275019857920_o-750x499.jpg 750w\" sizes=\"(max-width: 1880px) 100vw, 1880px\" \/><\/p>\n<p><img loading=\"lazy\" decoding=\"async\" class=\"alignnone size-full wp-image-18498\" src=\"https:\/\/cerdanyolach.cat\/hockey\/wp-content\/uploads\/2020\/05\/18738884_1487847437934563_5640041110983206840_o.jpg\" alt=\"\" width=\"1701\" height=\"1228\" srcset=\"https:\/\/cerdanyolach.cat\/hockey\/wp-content\/uploads\/2020\/05\/18738884_1487847437934563_5640041110983206840_o.jpg 1701w, https:\/\/cerdanyolach.cat\/hockey\/wp-content\/uploads\/2020\/05\/18738884_1487847437934563_5640041110983206840_o-450x325.jpg 450w, https:\/\/cerdanyolach.cat\/hockey\/wp-content\/uploads\/2020\/05\/18738884_1487847437934563_5640041110983206840_o-800x578.jpg 800w, https:\/\/cerdanyolach.cat\/hockey\/wp-content\/uploads\/2020\/05\/18738884_1487847437934563_5640041110983206840_o-768x554.jpg 768w, https:\/\/cerdanyolach.cat\/hockey\/wp-content\/uploads\/2020\/05\/18738884_1487847437934563_5640041110983206840_o-1536x1109.jpg 1536w, https:\/\/cerdanyolach.cat\/hockey\/wp-content\/uploads\/2020\/05\/18738884_1487847437934563_5640041110983206840_o-750x541.jpg 750w\" sizes=\"(max-width: 1701px) 100vw, 1701px\" \/><\/p>\n","protected":false},"excerpt":{"rendered":"<p>Emilio\u00a0 Borreg\u00e1n\u00a0 ha decidit finalitzar la seva etapa al Cerdanyola CH despr\u00e9s de d\u00e8cades\u00a0 vinculat\u00a0 al club. Actualment,\u00a0 Borreg\u00e1n\u00a0 exercia [&hellip;]<\/p>\n","protected":false},"author":1,"featured_media":18495,"comment_status":"closed","ping_status":"closed","sticky":true,"template":"","format":"standard","meta":{"spay_email":"","footnotes":""},"categories":[18,4],"tags":[],"class_list":["post-18494","post","type-post","status-publish","format-standard","has-post-thumbnail","hentry","category-club","category-hoquei-base"],"jetpack_featured_media_url":"https:\/\/cerdanyolach.cat\/hockey\/wp-content\/uploads\/2020\/05\/Cerdanyola-HC-SP-vs-CH-Mataro-SP35.jpg","_links":{"self":[{"href":"https:\/\/cerdanyolach.cat\/hockey\/wp-json\/wp\/v2\/posts\/18494","targetHints":{"allow":["GET"]}}],"collection":[{"href":"https:\/\/cerdanyolach.cat\/hockey\/wp-json\/wp\/v2\/posts"}],"about":[{"href":"https:\/\/cerdanyolach.cat\/hockey\/wp-json\/wp\/v2\/types\/post"}],"author":[{"embeddable":true,"href":"https:\/\/cerdanyolach.cat\/hockey\/wp-json\/wp\/v2\/users\/1"}],"replies":[{"embeddable":true,"href":"https:\/\/cerdanyolach.cat\/hockey\/wp-json\/wp\/v2\/comments?post=18494"}],"version-history":[{"count":4,"href":"https:\/\/cerdanyolach.cat\/hockey\/wp-json\/wp\/v2\/posts\/18494\/revisions"}],"predecessor-version":[{"id":18504,"href":"https:\/\/cerdanyolach.cat\/hockey\/wp-json\/wp\/v2\/posts\/18494\/revisions\/18504"}],"wp:featuredmedia":[{"embeddable":true,"href":"https:\/\/cerdanyolach.cat\/hockey\/wp-json\/wp\/v2\/media\/18495"}],"wp:attachment":[{"href":"https:\/\/cerdanyolach.cat\/hockey\/wp-json\/wp\/v2\/media?parent=18494"}],"wp:term":[{"taxonomy":"category","embeddable":true,"href":"https:\/\/cerdanyolach.cat\/hockey\/wp-json\/wp\/v2\/categories?post=18494"},{"taxonomy":"post_tag","embeddable":true,"href":"https:\/\/cerdanyolach.cat\/hockey\/wp-json\/wp\/v2\/tags?post=18494"}],"curies":[{"name":"wp","href":"https:\/\/api.w.org\/{rel}","templated":true}]}}