{"id":13690,"date":"2017-12-13T19:35:52","date_gmt":"2017-12-13T18:35:52","guid":{"rendered":"http:\/\/cerdanyolach.cat\/hockey\/?p=13690"},"modified":"2017-12-13T19:35:52","modified_gmt":"2017-12-13T18:35:52","slug":"sub-16-femeni-el-sarda-sub-16-a-leuropeu-sub-17-de-remscheid","status":"publish","type":"post","link":"https:\/\/cerdanyolach.cat\/hockey\/sub-16-femeni-el-sarda-sub-16-a-leuropeu-sub-17-de-remscheid\/","title":{"rendered":"Sub-16. Femen\u00ed. | El &#8220;Sarda&#8221; Sub-16 a l&#8217;Europeu Sub-17 de Remscheid"},"content":{"rendered":"<p><strong>Les joves jugadores del Cerdanyola Club d&#8217;Hoquei afronten una cita d&#8217;exig\u00e8ncia a la localitat alemanya de Remscheid entre els dies 14 i 17 de desembre\u00a0<\/strong><\/p>\n<p>La CERS organitza des de dem\u00e0\u00a0<strong>dijous dia 14 i fins diumenge 17 la 4a edici\u00f3 del Campionat Europeu d&#8217;hoquei sobre patins femen\u00ed sub-17<\/strong>, la tamb\u00e9 coneguda com a\u00a0Adolf Hirschfeld Cup. L&#8217;edici\u00f3 d&#8217;enguany compar\u00e0 amb tres equips catalans; A m\u00e9s del\u00a0<strong>Cerdanyola CH<\/strong>, tamb\u00e9 hi seran les vallesanes de l&#8217;HC Palau de Plegamans i les maresmenques del CH Matar\u00f3. L&#8217;amfitriona Alemanya ser\u00e0 representada per l&#8217;Eagle Team i l&#8217;NRW-Auswahl; It\u00e0lia pel\u00a0Breganze, Su\u00efssa pel\u00a0Projekt 2020, Fran\u00e7a pel Wasquehal\u00a0i Anglaterra per l&#8217;English Team.<\/p>\n<p>Dijous i divendres es disputa una ronda de classificaci\u00f3 dividida en tres grups. Dissabte i diumenge una segona ronda on juga tothom barrejat, en cerca de la fase final, que es dividir\u00e0 de nou en tres grupuscles. El\u00a0<strong>debut del Cerdanyola \u00e9s dem\u00e0 dijous a les 17:30h enfront del\u00a0Hockey Breganze\u00a0<\/strong>transalp\u00ed. El segon partit, ser\u00e0 divendres a les 18:30h enfront de l<strong>&#8216;English Team<\/strong>.\u00a0<\/p>\n","protected":false},"excerpt":{"rendered":"<p>Les joves jugadores del Cerdanyola Club d&#8217;Hoquei afronten una cita d&#8217;exig\u00e8ncia a la localitat alemanya de Remscheid entre els dies [&hellip;]<\/p>\n","protected":false},"author":243,"featured_media":13393,"comment_status":"closed","ping_status":"closed","sticky":false,"template":"","format":"standard","meta":{"spay_email":"","footnotes":""},"categories":[4],"tags":[107,106,62,108,105,104],"class_list":["post-13690","post","type-post","status-publish","format-standard","has-post-thumbnail","hentry","category-hoquei-base","tag-adolf-hirschfeld-cup","tag-campionat-europeu-dhoquei-sobre-patins-femeni-sub-17","tag-cerdanyola-ch","tag-cers","tag-femeni-sub-16","tag-hoquei-base"],"jetpack_featured_media_url":"https:\/\/cerdanyolach.cat\/hockey\/wp-content\/uploads\/2017\/09\/Banner-Web-CCH.png","_links":{"self":[{"href":"https:\/\/cerdanyolach.cat\/hockey\/wp-json\/wp\/v2\/posts\/13690","targetHints":{"allow":["GET"]}}],"collection":[{"href":"https:\/\/cerdanyolach.cat\/hockey\/wp-json\/wp\/v2\/posts"}],"about":[{"href":"https:\/\/cerdanyolach.cat\/hockey\/wp-json\/wp\/v2\/types\/post"}],"author":[{"embeddable":true,"href":"https:\/\/cerdanyolach.cat\/hockey\/wp-json\/wp\/v2\/users\/243"}],"replies":[{"embeddable":true,"href":"https:\/\/cerdanyolach.cat\/hockey\/wp-json\/wp\/v2\/comments?post=13690"}],"version-history":[{"count":2,"href":"https:\/\/cerdanyolach.cat\/hockey\/wp-json\/wp\/v2\/posts\/13690\/revisions"}],"predecessor-version":[{"id":13692,"href":"https:\/\/cerdanyolach.cat\/hockey\/wp-json\/wp\/v2\/posts\/13690\/revisions\/13692"}],"wp:featuredmedia":[{"embeddable":true,"href":"https:\/\/cerdanyolach.cat\/hockey\/wp-json\/wp\/v2\/media\/13393"}],"wp:attachment":[{"href":"https:\/\/cerdanyolach.cat\/hockey\/wp-json\/wp\/v2\/media?parent=13690"}],"wp:term":[{"taxonomy":"category","embeddable":true,"href":"https:\/\/cerdanyolach.cat\/hockey\/wp-json\/wp\/v2\/categories?post=13690"},{"taxonomy":"post_tag","embeddable":true,"href":"https:\/\/cerdanyolach.cat\/hockey\/wp-json\/wp\/v2\/tags?post=13690"}],"curies":[{"name":"wp","href":"https:\/\/api.w.org\/{rel}","templated":true}]}}