{"id":13194,"date":"2017-07-13T21:59:16","date_gmt":"2017-07-13T20:59:16","guid":{"rendered":"http:\/\/cerdanyolach.cat\/hockey\/?p=13194"},"modified":"2017-07-14T08:17:10","modified_gmt":"2017-07-14T07:17:10","slug":"roger-riba-i-xavi-pasto-nous-jugadors-del-cerdanyola-c-h","status":"publish","type":"post","link":"https:\/\/cerdanyolach.cat\/hockey\/roger-riba-i-xavi-pasto-nous-jugadors-del-cerdanyola-c-h\/","title":{"rendered":"Roger Riba i Xavi Past\u00f3 nous jugadors del Cerdanyola C.H."},"content":{"rendered":"<h1>El primer equip mascul\u00ed, que aquesta temporada vinent competir\u00e0 a Primera Catalana, es refor\u00e7a amb\u00a0l&#8217;incorporaci\u00f3\u00a0de Roger Riba i Xavi\u00a0<span class=\"hiddenSpellError\">Past\u00f3<\/span>, ambd\u00f3s amb passat verd i blanc.<\/h1>\n<p>&nbsp;<\/p>\n<p><strong>Roger Riba<\/strong>, jugador de 28 anys, format a la casa que va jugar al primer equip les\u00a0temporades 2007-2008 i 2008-2009 a la lliga Nacional Espanyola, torna a Cerdanyola despr\u00e9s d&#8217;haver militat al Vilafranca, el Sant Cugat i el Vilanova la temporada passada.<\/p>\n<p><strong>Xavi\u00a0<span class=\"hiddenSpellError\">Past\u00f3<\/span><\/strong>, jugador \u00a0de 27\u00a0anys, ja va jugar al primer equip\u00a0<span class=\"hiddenGrammarError\">del Cerdanyola<\/span>\u00a0Club d&#8217;Hoquei durant les temporades 2008-2009 (coincidint amb el Roger Riba) i 2009-2010, d&#8217;on venia\u00a0procedent del Forte dei\u00a0<span class=\"hiddenSpellError\">Marmi<\/span>. \u00c9s un jugador amb una clar\u00edssima experi\u00e8ncia a les pistes. Torna a Cerdanyola despr\u00e9s d&#8217;haver jugat a equips com el Matar\u00f3, el Sant Just i el Vilanova, equip on va debutar a l&#8217;<span class=\"hiddenSpellError\">OkLliga<\/span>\u00a0i on va jugar la temporada passada.<\/p>\n<p>Tant en Xavi com en Roger, la temporada passada van jugar al Club Pati Vilanova i van aportar en la Lliga Nacional Espanyola un total de 7 gols cadasc\u00fa. Ara tornen\u00a0<span class=\"hiddenGrammarError\">al Cerdanyola<\/span>\u00a0Club d&#8217;Hoquei per ajudar a l&#8217;equip entrenat per Albert\u00a0<span class=\"hiddenSpellError\">Zan\u00f3n<\/span>\u00a0a recuperar la categoria perduda.<\/p>\n<p><strong><span class=\"hiddenSpellError\">Bentornats<\/span>!<\/strong><\/p>\n<p><img fetchpriority=\"high\" decoding=\"async\" class=\"alignleft wp-image-13207 size-medium\" src=\"https:\/\/cerdanyolach.cat\/hockey\/wp-content\/uploads\/2017\/07\/Roger-Riba-i-Xavi-Pasto-nous-jugadors-cerdanyola-450x338.jpg\" alt=\"\" width=\"450\" height=\"338\" srcset=\"https:\/\/cerdanyolach.cat\/hockey\/wp-content\/uploads\/2017\/07\/Roger-Riba-i-Xavi-Pasto-nous-jugadors-cerdanyola-450x338.jpg 450w, https:\/\/cerdanyolach.cat\/hockey\/wp-content\/uploads\/2017\/07\/Roger-Riba-i-Xavi-Pasto-nous-jugadors-cerdanyola-scaled-150x113.jpg 150w, https:\/\/cerdanyolach.cat\/hockey\/wp-content\/uploads\/2017\/07\/Roger-Riba-i-Xavi-Pasto-nous-jugadors-cerdanyola-scaled-300x225.jpg 300w, https:\/\/cerdanyolach.cat\/hockey\/wp-content\/uploads\/2017\/07\/Roger-Riba-i-Xavi-Pasto-nous-jugadors-cerdanyola-768x576.jpg 768w, https:\/\/cerdanyolach.cat\/hockey\/wp-content\/uploads\/2017\/07\/Roger-Riba-i-Xavi-Pasto-nous-jugadors-cerdanyola-800x600.jpg 800w, https:\/\/cerdanyolach.cat\/hockey\/wp-content\/uploads\/2017\/07\/Roger-Riba-i-Xavi-Pasto-nous-jugadors-cerdanyola-750x563.jpg 750w\" sizes=\"(max-width: 450px) 100vw, 450px\" \/><\/p>\n","protected":false},"excerpt":{"rendered":"<p>El primer equip mascul\u00ed, que aquesta temporada vinent competir\u00e0 a Primera Catalana, es refor\u00e7a amb\u00a0l&#8217;incorporaci\u00f3\u00a0de Roger Riba i Xavi\u00a0Past\u00f3, ambd\u00f3s [&hellip;]<\/p>\n","protected":false},"author":241,"featured_media":13207,"comment_status":"closed","ping_status":"closed","sticky":false,"template":"","format":"standard","meta":{"spay_email":"","footnotes":""},"categories":[1],"tags":[],"class_list":["post-13194","post","type-post","status-publish","format-standard","has-post-thumbnail","hentry","category-primer-equip-masculi"],"jetpack_featured_media_url":"https:\/\/cerdanyolach.cat\/hockey\/wp-content\/uploads\/2017\/07\/Roger-Riba-i-Xavi-Pasto-nous-jugadors-cerdanyola-scaled.jpg","_links":{"self":[{"href":"https:\/\/cerdanyolach.cat\/hockey\/wp-json\/wp\/v2\/posts\/13194","targetHints":{"allow":["GET"]}}],"collection":[{"href":"https:\/\/cerdanyolach.cat\/hockey\/wp-json\/wp\/v2\/posts"}],"about":[{"href":"https:\/\/cerdanyolach.cat\/hockey\/wp-json\/wp\/v2\/types\/post"}],"author":[{"embeddable":true,"href":"https:\/\/cerdanyolach.cat\/hockey\/wp-json\/wp\/v2\/users\/241"}],"replies":[{"embeddable":true,"href":"https:\/\/cerdanyolach.cat\/hockey\/wp-json\/wp\/v2\/comments?post=13194"}],"version-history":[{"count":7,"href":"https:\/\/cerdanyolach.cat\/hockey\/wp-json\/wp\/v2\/posts\/13194\/revisions"}],"predecessor-version":[{"id":13210,"href":"https:\/\/cerdanyolach.cat\/hockey\/wp-json\/wp\/v2\/posts\/13194\/revisions\/13210"}],"wp:featuredmedia":[{"embeddable":true,"href":"https:\/\/cerdanyolach.cat\/hockey\/wp-json\/wp\/v2\/media\/13207"}],"wp:attachment":[{"href":"https:\/\/cerdanyolach.cat\/hockey\/wp-json\/wp\/v2\/media?parent=13194"}],"wp:term":[{"taxonomy":"category","embeddable":true,"href":"https:\/\/cerdanyolach.cat\/hockey\/wp-json\/wp\/v2\/categories?post=13194"},{"taxonomy":"post_tag","embeddable":true,"href":"https:\/\/cerdanyolach.cat\/hockey\/wp-json\/wp\/v2\/tags?post=13194"}],"curies":[{"name":"wp","href":"https:\/\/api.w.org\/{rel}","templated":true}]}}